{"id":2734,"date":"2023-12-04T19:00:32","date_gmt":"2023-12-04T22:00:32","guid":{"rendered":"https:\/\/lavozdisruptiva.com\/?p=2734"},"modified":"2024-01-09T11:12:35","modified_gmt":"2024-01-09T14:12:35","slug":"hay-que-hacerse-cargo-grabois-le-pidio-al-peronismo-asumir-la-responsabilidad-por-la-situacion-actual-de-pobreza-e-indigencia","status":"publish","type":"post","link":"https:\/\/lavozdisruptiva.com\/index.php\/2023\/12\/04\/hay-que-hacerse-cargo-grabois-le-pidio-al-peronismo-asumir-la-responsabilidad-por-la-situacion-actual-de-pobreza-e-indigencia\/","title":{"rendered":"&#8220;Hay que hacerse cargo&#8221;: Grabois le pidi\u00f3 al peronismo asumir la responsabilidad por la situaci\u00f3n actual de pobreza e indigencia"},"content":{"rendered":"\n<p style=\"font-size:24px\"><strong>El dirigente social del Frente Patria Grande llam\u00f3 al presidente Alberto Fern\u00e1ndez a disculparse ante &#8220;los pobres, que llegaron \u00faltimos y siguen \u00faltimos&#8221;. &#8220;No pudiste liderar en un proceso de reconstrucci\u00f3n nacional, hacelo ahora pidiendo perd\u00f3n&#8221;, le dijo.<\/strong><\/p>\n\n\n\n<hr class=\"wp-block-separator has-alpha-channel-opacity\"\/>\n\n\n\n<p class=\"has-medium-font-size\">El referente del Movimiento de Trabajadores Excluidos (MTE) y dirigente del Frente Patria Grande,\u00a0<strong>Juan Grabois<\/strong>, llam\u00f3 a &#8220;<strong>todos los que de una u otra forma<\/strong>&#8221; integraron el Frente de Todos (FdT) a &#8220;<strong>asumir cierto grado de responsabilidad&#8221;<\/strong> frente a la realidad socioecon\u00f3mica del pa\u00eds, al advertir que ese gesto &#8220;<strong>ser\u00eda reparador para la sociedad en su conjunto<\/strong>&#8220;, e inst\u00f3 al presidente Alberto Fern\u00e1ndez a pedir &#8220;<strong>perd\u00f3n<\/strong>&#8220;.<\/p>\n\n\n\n<p><img decoding=\"async\" src=\"https:\/\/www.politicargentina.com\/advf\/imagenes\/editadas\/656dfb8514030_750x500.jpg\" alt=\"\"><\/p>\n\n\n\n<p class=\"has-medium-font-size\">&#8220;<strong>La realidad es que todos los que de una u otra forma participamos del FdT, hayamos tenido o no cargos p\u00fablicos,\u00a0debemos asumir cierto grado de responsabilidad, sea por acci\u00f3n, sea por omisi\u00f3n, en la situaci\u00f3n actual de pobreza e indigencia&#8221;<\/strong>, reflexion\u00f3 el dirigente en un largo posteo en su cuenta de X.<\/p>\n\n\n\n<p class=\"has-medium-font-size\">Grabois consider\u00f3 que si bien los problemas &#8220;<strong>no van a resolverse pidiendo perd\u00f3n<\/strong>&#8220;, ese gesto &#8220;<strong>en alg\u00fan punto ser\u00eda reparador para la sociedad en su conjunto y para todos nosotros, los que vamos a quedarnos en Argentina, posiblemente perseguidos y seguramente demonizados en una proporci\u00f3n muy superior a nuestra responsabilidad personal en la situaci\u00f3n social y pol\u00edtica del pa\u00eds&#8221;<\/strong>.<\/p>\n\n\n\n<p class=\"has-medium-font-size\">El referente del MTE manifest\u00f3 que junto a quienes est\u00e1n &#8220;<strong>convencidos en sus principios<\/strong>&#8221; dar\u00e1n el debate frente a quienes &#8220;<strong>quieren justificar en esta realidad trist\u00edsima un programa deshumanizado y antinacional, un dogma seg\u00fan el cual la justicia social es una aberraci\u00f3n y la redistribuci\u00f3n de la riqueza un factor que atrasa&#8221;. &#8220;Vamos a hacerlo, remando en dulce de leche<\/strong>&#8220;, subray\u00f3 Grabois.<\/p>\n\n\n\n<p class=\"has-medium-font-size\">Al dirigirse al presidente Alberto Fern\u00e1ndez, Grabois sostuvo: &#8220;<strong>Para todos nosotros y nosotras, que en 2019 votamos y llamamos a votar tu boleta, que integramos la coalici\u00f3n como simples militantes o altos funcionarios,\u00a0a los que no pudiste liderar en un proceso de reconstrucci\u00f3n nacional, hacelo ahora pidiendo perd\u00f3n, en nombre de todos, a esos hombres y mujeres por los que \u00edbamos a empezar, a los pobres, que llegaron \u00faltimos y siguen \u00faltimos<\/strong>&#8220;.<\/p>\n\n\n\n<p class=\"has-medium-font-size\">Para el dirigente, todos aquellos por los que &#8220;<strong>iban a empezar y siguen m\u00e1s postergados&#8221;<\/strong> y merecen que el oficialismo les pida perd\u00f3n.\u00a0&#8220;<strong>Hagamos una reflexi\u00f3n profunda para comprender qu\u00e9 hicimos mal como conjunto, cada sector, cada dirigente, cada militante, para\u00a0que nunca m\u00e1s se repita que un gobierno que se autopercibe y proclama popular y peronista, en un contexto de crecimiento del producto bruto y aumento de la actividad, tenga estos niveles de pobreza e indigencia<\/strong>&#8220;, pidi\u00f3.\u00a0<\/p>\n\n\n\n<p class=\"has-medium-font-size\">Y agreg\u00f3: &#8220;<strong>Yo pido humildemente perd\u00f3n por la parte que me toca, sea grande o peque\u00f1a, Dios sabr\u00e1<\/strong>&#8220;.<\/p>\n\n\n\n<p class=\"has-medium-font-size\">Sin embargo, el dirigente del Frente Patria Grande se\u00f1al\u00f3 que &#8220;<strong>no se hizo todo mal<\/strong>&#8221; y que &#8220;<strong>hubo pol\u00edticas p\u00fablicas acertadas y posiciones adecuadas en algunos temas&#8221;, pero a\u00fan as\u00ed, evalu\u00f3 que &#8220;el balance general es p\u00e9simo y hay que hacerse cargo<\/strong>&#8220;.<\/p>\n\n\n\n<p class=\"has-medium-font-size\">Grabois llam\u00f3 al Presidente en su car\u00e1cter de &#8220;<strong>m\u00e1xima autoridad del gobierno y del principal partido de la coalici\u00f3n&#8221; a &#8220;hacerse cargo sin excusas&#8221; y &#8220;sin volver a caer en la idiotez c\u00edclica de echarle la culpa a las mediciones por la realidad que miden<\/strong>&#8220;.&#8221;<strong>Que no puedas explicarte las cifras de pobreza en un contexto de crecimiento del empleo, en una econom\u00eda con la mitad de su fuerza de trabajo informalizada o registrada bajo modalidades precarias como el monotributo, es realmente un problema grave de comprensi\u00f3n<\/strong>&#8220;, plante\u00f3 Grabois.<\/p>\n\n\n\n<p class=\"has-medium-font-size\">El dirigente lament\u00f3 que &#8220;<strong>en vez de universalizar definitivamente el salario social para que alcance a los cinco millones de excluidos del empleo registrado y eliminar as\u00ed la indigencia y cualquier forma de intermediaci\u00f3n, se cuentan las costillas de cada pobre como si se fuera a encontrar entre las personas que reciben este magro complemento de ingreso a los grandes responsables de los problemas del pa\u00eds y se pone en a las organizaciones sociales el chivo expiatorio del drama econ\u00f3mico que las hizo nacer<\/strong>&#8220;.<\/p>\n\n\n\n<p class=\"has-medium-font-size\">Y concluy\u00f3: &#8220;<strong>Hoy, las cifras son objetivamente peores: pobreza 40,1% e indigencia al 9,3% (primer semestre), todo indica que para diciembre los n\u00fameros ser\u00e1n a\u00fan m\u00e1s alarmantes. El sistema de medici\u00f3n es exactamente el mismo.\u00a0Esta es la realidad que es la \u00fanica verdad. Hay que hacerse cargo<\/strong>&#8220;.<\/p>\n\n\n\n<p class=\"has-medium-font-size\">Fuente: Pol\u00edtica Argentina\/ Medios Digitales<\/p>\n","protected":false},"excerpt":{"rendered":"<p>El dirigente social del Frente Patria Grande llam\u00f3 al presidente Alberto Fern\u00e1ndez a disculparse ante &#8220;los pobres, que llegaron \u00faltimos y siguen \u00faltimos&#8221;. &#8220;No pudiste liderar en un proceso de reconstrucci\u00f3n nacional, hacelo ahora pidiendo perd\u00f3n&#8221;, le dijo. El referente del Movimiento de Trabajadores Excluidos (MTE) y dirigente del Frente Patria Grande,\u00a0Juan Grabois, llam\u00f3 a [&hellip;]<\/p>\n","protected":false},"author":3,"featured_media":2735,"comment_status":"closed","ping_status":"open","sticky":false,"template":"","format":"standard","meta":{"footnotes":""},"categories":[4,81,39],"tags":[399,401,400],"class_list":["post-2734","post","type-post","status-publish","format-standard","has-post-thumbnail","hentry","category-economia","category-nacional","category-politica","tag-alberto-fenrnandez","tag-frente-patria-grande","tag-juan-grabois"],"blog_post_layout_featured_media_urls":{"thumbnail":["https:\/\/lavozdisruptiva.com\/wp-content\/uploads\/2023\/12\/Grabois-150x150.jpeg",150,150,true],"full":["https:\/\/lavozdisruptiva.com\/wp-content\/uploads\/2023\/12\/Grabois.jpeg",1920,1281,false]},"categories_names":{"4":{"name":"Econom\u00eda","link":"https:\/\/lavozdisruptiva.com\/index.php\/category\/economia\/"},"81":{"name":"Nacional","link":"https:\/\/lavozdisruptiva.com\/index.php\/category\/nacional\/"},"39":{"name":"Pol\u00edtica","link":"https:\/\/lavozdisruptiva.com\/index.php\/category\/politica\/"}},"tags_names":{"399":{"name":"Alberto Fenrn\u00e1ndez","link":"https:\/\/lavozdisruptiva.com\/index.php\/tag\/alberto-fenrnandez\/"},"401":{"name":"Frente Patria Grande","link":"https:\/\/lavozdisruptiva.com\/index.php\/tag\/frente-patria-grande\/"},"400":{"name":"Juan Grabois","link":"https:\/\/lavozdisruptiva.com\/index.php\/tag\/juan-grabois\/"}},"comments_number":"0","wpmagazine_modules_lite_featured_media_urls":{"thumbnail":["https:\/\/lavozdisruptiva.com\/wp-content\/uploads\/2023\/12\/Grabois-150x150.jpeg",150,150,true],"cvmm-medium":["https:\/\/lavozdisruptiva.com\/wp-content\/uploads\/2023\/12\/Grabois-300x300.jpeg",300,300,true],"cvmm-medium-plus":["https:\/\/lavozdisruptiva.com\/wp-content\/uploads\/2023\/12\/Grabois-305x207.jpeg",305,207,true],"cvmm-portrait":["https:\/\/lavozdisruptiva.com\/wp-content\/uploads\/2023\/12\/Grabois-400x600.jpeg",400,600,true],"cvmm-medium-square":["https:\/\/lavozdisruptiva.com\/wp-content\/uploads\/2023\/12\/Grabois-600x600.jpeg",600,600,true],"cvmm-large":["https:\/\/lavozdisruptiva.com\/wp-content\/uploads\/2023\/12\/Grabois-1024x1024.jpeg",1024,1024,true],"cvmm-small":["https:\/\/lavozdisruptiva.com\/wp-content\/uploads\/2023\/12\/Grabois-130x95.jpeg",130,95,true],"full":["https:\/\/lavozdisruptiva.com\/wp-content\/uploads\/2023\/12\/Grabois.jpeg",1920,1281,false]},"_links":{"self":[{"href":"https:\/\/lavozdisruptiva.com\/index.php\/wp-json\/wp\/v2\/posts\/2734","targetHints":{"allow":["GET"]}}],"collection":[{"href":"https:\/\/lavozdisruptiva.com\/index.php\/wp-json\/wp\/v2\/posts"}],"about":[{"href":"https:\/\/lavozdisruptiva.com\/index.php\/wp-json\/wp\/v2\/types\/post"}],"author":[{"embeddable":true,"href":"https:\/\/lavozdisruptiva.com\/index.php\/wp-json\/wp\/v2\/users\/3"}],"replies":[{"embeddable":true,"href":"https:\/\/lavozdisruptiva.com\/index.php\/wp-json\/wp\/v2\/comments?post=2734"}],"version-history":[{"count":1,"href":"https:\/\/lavozdisruptiva.com\/index.php\/wp-json\/wp\/v2\/posts\/2734\/revisions"}],"predecessor-version":[{"id":2736,"href":"https:\/\/lavozdisruptiva.com\/index.php\/wp-json\/wp\/v2\/posts\/2734\/revisions\/2736"}],"wp:featuredmedia":[{"embeddable":true,"href":"https:\/\/lavozdisruptiva.com\/index.php\/wp-json\/wp\/v2\/media\/2735"}],"wp:attachment":[{"href":"https:\/\/lavozdisruptiva.com\/index.php\/wp-json\/wp\/v2\/media?parent=2734"}],"wp:term":[{"taxonomy":"category","embeddable":true,"href":"https:\/\/lavozdisruptiva.com\/index.php\/wp-json\/wp\/v2\/categories?post=2734"},{"taxonomy":"post_tag","embeddable":true,"href":"https:\/\/lavozdisruptiva.com\/index.php\/wp-json\/wp\/v2\/tags?post=2734"}],"curies":[{"name":"wp","href":"https:\/\/api.w.org\/{rel}","templated":true}]}}