{"id":2720,"date":"2023-12-04T08:45:40","date_gmt":"2023-12-04T11:45:40","guid":{"rendered":"https:\/\/lavozdisruptiva.com\/?p=2720"},"modified":"2023-12-04T08:45:41","modified_gmt":"2023-12-04T11:45:41","slug":"el-enfrentamiento-entre-el-papa-francisco-y-los-jerarcas-ultraconservadores-hostiles-a-sus-reformas","status":"publish","type":"post","link":"https:\/\/lavozdisruptiva.com\/index.php\/2023\/12\/04\/el-enfrentamiento-entre-el-papa-francisco-y-los-jerarcas-ultraconservadores-hostiles-a-sus-reformas\/","title":{"rendered":"El enfrentamiento entre el Papa Francisco y los jerarcas ultraconservadores hostiles a sus reformas"},"content":{"rendered":"\n<p style=\"font-size:24px\">La tensi\u00f3n entre el\u00a0Papa Francisco y la poderosa facci\u00f3n ultraconservadora de la Iglesia cat\u00f3lica en Estados Unidos est\u00e1 en niveles m\u00e1ximos, luego de que\u00a0<strong>el pont\u00edfice decidiera esta semana desalojar de su residencia en el Vaticano al cardenal retirado estadounidense Raymond Leo Burke, abiertamente cr\u00edtico con su gesti\u00f3n.<\/strong><\/p>\n\n\n\n<p>Por: Atahualpa Amerise Para: BBC News Mundo<\/p>\n\n\n\n<figure class=\"wp-block-image size-large\"><img loading=\"lazy\" decoding=\"async\" width=\"1024\" height=\"576\" src=\"https:\/\/lavozdisruptiva.com\/wp-content\/uploads\/2023\/12\/Francisco-2-1024x576.jpeg\" alt=\"\" class=\"wp-image-2722\" srcset=\"https:\/\/lavozdisruptiva.com\/wp-content\/uploads\/2023\/12\/Francisco-2-1024x576.jpeg 1024w, https:\/\/lavozdisruptiva.com\/wp-content\/uploads\/2023\/12\/Francisco-2-300x169.jpeg 300w, https:\/\/lavozdisruptiva.com\/wp-content\/uploads\/2023\/12\/Francisco-2-768x432.jpeg 768w, https:\/\/lavozdisruptiva.com\/wp-content\/uploads\/2023\/12\/Francisco-2.jpeg 1200w\" sizes=\"auto, (max-width: 1024px) 100vw, 1024px\" \/><\/figure>\n\n\n\n<p class=\"has-medium-font-size\">Francisco lo hizo apenas tres semanas\u00a0<strong>despu\u00e9s de destituir a otro feroz cr\u00edtico que se opon\u00eda a sus planteamientos y reformas: Joseph Strickland, que era obispo de Tyler (Texas).<\/strong><\/p>\n\n\n\n<p style=\"font-size:24px\"><strong>El Papa promueve una Iglesia Cat\u00f3lica mas abierta e inclusiva<\/strong><\/p>\n\n\n\n<p class=\"has-medium-font-size\">Ambas acciones suponen otra vuelta de tuerca en\u00a0<strong>la pugna ideol\u00f3gica entre el Papa, que promueve una visi\u00f3n m\u00e1s abierta e inclusiva de la Iglesia cat\u00f3lica, y los sectores ultraconservadores de la instituci\u00f3n<\/strong>, que apuestan por una aplicaci\u00f3n estricta de sus doctrinas e ideas tradicionales.<\/p>\n\n\n\n<h2 class=\"wp-block-heading\" style=\"font-size:24px\">\u00bfQu\u00e9 hay detr\u00e1s de todo esto?<\/h2>\n\n\n\n<h3 class=\"wp-block-heading has-medium-font-size\">El cardenal Burke<\/h3>\n\n\n\n<p class=\"has-medium-font-size\">Raymond Burke, una influyente figura en la Iglesia cat\u00f3lica, critic\u00f3 abiertamente y en varias ocasiones al papa Francisco, posicion\u00e1ndose como una figura central en la resistencia ultraconservadora dentro de la instituci\u00f3n.<\/p>\n\n\n\n<p class=\"has-medium-font-size\">Su oposici\u00f3n vocal a diversas iniciativas papales, especialmente aquellas que abogan por reformas progresistas, as\u00ed como su desacuerdo con el enfoque progresista del Papa en la doctrina y pr\u00e1ctica de la Iglesia, han sido una importante fuente de tensi\u00f3n en los \u00faltimos a\u00f1os.<\/p>\n\n\n\n<p class=\"has-medium-font-size\"><strong>Burke, de 75 a\u00f1os, desafi\u00f3 abiertamente el enfoque del Vaticano sobre cuestiones como su postura hacia la comunidad LGBTI -m\u00e1s abierta durante el papado de Francisco- o el papel de los laicos en los asuntos de la Iglesia<\/strong><\/p>\n\n\n\n<p class=\"has-medium-font-size\">Tambi\u00e9n particip\u00f3 en movimientos cat\u00f3licos ultraconservadores que disputan abiertamente la direcci\u00f3n establecida.<\/p>\n\n\n\n<figure class=\"wp-block-image\"><img decoding=\"async\" src=\"https:\/\/s.yimg.com\/ny\/api\/res\/1.2\/joemPSa.uYMSScEXL46kLQ--\/YXBwaWQ9aGlnaGxhbmRlcjt3PTk2MDtoPTY4NDtjZj13ZWJw\/https:\/\/media.zenfs.com\/es\/bbc_news_mundo_254\/8cfacb0b0c439594651661110ad33f6a\" alt=\"El cardenal Burke se ha mostrado especialmente beligerante frente a las reformas del papa Francisco. (BBC)\"\/><figcaption class=\"wp-element-caption\">El cardenal Burke se ha mostrado especialmente beligerante frente a las reformas del papa Francisco. (BBC)<\/figcaption><\/figure>\n\n\n\n<p class=\"has-medium-font-size\">Como respuesta,&nbsp;<strong>Francisco decidi\u00f3 desalojarlo de su apartamento en el Vaticano y revocar su salario<\/strong>, una medida que no tiene precedentes en la d\u00e9cada de papado del argentino.<\/p>\n\n\n\n<p class=\"has-medium-font-size\"><strong>&#8220;Burke fue castigado despu\u00e9s de 10 a\u00f1os acosando a Francisco y tratando de situarse como una autoridad moral superior al Papa&#8221;, indica a BBC Mundo la te\u00f3loga y abogada can\u00f3nica estadounidense Dawn Goldstein, especializada en la Iglesia cat\u00f3lica.<\/strong><\/p>\n\n\n\n<p class=\"has-medium-font-size\">Una fuente del Vaticano, por su parte, explic\u00f3 que&nbsp;<strong>la decisi\u00f3n no fue un castigo personal y se bas\u00f3 en la creencia de que una persona no deber\u00eda disfrutar de privilegios cardinales mientras critica al jefe de la Iglesia.<\/strong><\/p>\n\n\n\n<h3 class=\"wp-block-heading has-medium-font-size\">El obispo Strickland<\/h3>\n\n\n\n<p class=\"has-medium-font-size\"><strong>El pasado 11 de noviembre, el papa Francisco destituy\u00f3 al obispo Joseph E. Strickland de la di\u00f3cesis de Tyler, Texas, despu\u00e9s de que \u00e9ste se negara a renunciar a ra\u00edz de una investigaci\u00f3n del Vaticano.<\/strong><\/p>\n\n\n\n<p class=\"has-medium-font-size\">La investigaci\u00f3n, que&nbsp;<strong>determin\u00f3 irregularidades en la administraci\u00f3n de las finanzas por parte de Strickland<\/strong>, concluy\u00f3 que no deb\u00eda continuar en el cargo.<\/p>\n\n\n\n<figure class=\"wp-block-image\"><img decoding=\"async\" src=\"https:\/\/s.yimg.com\/ny\/api\/res\/1.2\/p_0tEUcN9J2nLvOzThQYGQ--\/YXBwaWQ9aGlnaGxhbmRlcjt3PTk2MDtoPTY0MDtjZj13ZWJw\/https:\/\/media.zenfs.com\/es\/bbc_news_mundo_254\/193639afa9846b16dc9224ddf2c6a0bf\" alt=\"El papa Francisco y Strickland durante un encuentro en 2020. (BBC)\"\/><figcaption class=\"wp-element-caption\">El papa Francisco y Strickland durante un encuentro en 2020. (BBC)<\/figcaption><\/figure>\n\n\n\n<p class=\"has-medium-font-size\"><strong>&#8220;No se encontr\u00f3 criminalidad, solo mala gesti\u00f3n. En el caso de cualquier otro obispo, no habr\u00eda sido destituido<\/strong>&#8220;, afirma Goldstein.<\/p>\n\n\n\n<p class=\"has-medium-font-size\">Para la te\u00f3loga, el motivo real de la destituci\u00f3n del obispo fue su oposici\u00f3n abierta a Francisco.<\/p>\n\n\n\n<p class=\"has-medium-font-size\"><strong>&#8220;Strickland no solo estaba gobernando mal su di\u00f3cesis, sino que tambi\u00e9n pasaba una cantidad excesiva de tiempo en internet pidiendo a los fieles que desoyeran al Papa\u00a0y acusando al pont\u00edfice de socavar el dep\u00f3sito de la fe, que es la fe transmitida por Jes\u00fas a trav\u00e9s de los ap\u00f3stoles<\/strong>&#8220;, expone.<\/p>\n\n\n\n<p class=\"has-medium-font-size\">Goldstein argumenta que realizar tal acusaci\u00f3n &#8220;<strong>es en efecto\u00a0declararse en cisma\u00a0con respecto al Papa&#8221;.<\/strong> &#8220;<strong>Y, si adem\u00e1s era un mal administrador, es perfectamente comprensible que el Papa quisiera que Strickland se fuera<\/strong>&#8220;, concluye.<\/p>\n\n\n\n<p class=\"has-medium-font-size\">Nombrado por el difunto papa Benedicto en 2012, Strickland lanz\u00f3 una serie de ataques contra los intentos del pont\u00edfice de actualizar&nbsp;<strong>la posici\u00f3n de la Iglesia en temas sociales y de inclusi\u00f3n como el aborto, los derechos de las personas transg\u00e9nero y el matrimonio entre personas del mismo sexo.<\/strong><\/p>\n\n\n\n<p class=\"has-medium-font-size\">El eclesi\u00e1stico ha sido particularmente activo en las redes sociales, utiliz\u00e1ndolas a menudo como plataforma para expresar su desacuerdo con el actual jefe del Vaticano.<\/p>\n\n\n\n<p class=\"has-medium-font-size\">Precisamente esta semana, el eclesi\u00e1stico anunci\u00f3 la apertura de&nbsp;<strong>su propio canal de YouTube&nbsp;<\/strong>en el que previsiblemente tratar\u00e1 de amplificar sus puntos de vista sobre el catolicismo.<\/p>\n\n\n\n<h3 class=\"wp-block-heading has-medium-font-size\">El Papa Francisco<\/h3>\n\n\n\n<p class=\"has-medium-font-size\">Hay que remarcar que las acciones disciplinarias del papa Francisco con el cardenal Burke y con Strickland son administrativas y no penales. Ninguno de los dos ha sido acusado de un delito.<\/p>\n\n\n\n<p class=\"has-medium-font-size\"><strong>&#8220;Pero ambos han demostrado a su manera que no han actuado como corresponde a un obispo, que est\u00e1 llamado a actuar solamente en uni\u00f3n con el Papa, nunca contra \u00e9l&#8221;, indica Goldstein.<\/strong><\/p>\n\n\n\n<p class=\"has-medium-font-size\">Y agrega que &#8220;<strong>la respuesta ideal ser\u00eda el arrepentimiento y la humildad por parte de cada obispo, por el bien de la unidad de la Iglesia bajo el Papa. Pero si eso realmente sucede o no, depende de Burke y Strickland&#8221;<\/strong>.<\/p>\n\n\n\n<p class=\"has-medium-font-size\">En todo caso,&nbsp;<strong>el papa Francisco ha mostrado de forma cada vez m\u00e1s abierta su oposici\u00f3n a los sectores ultraconservadores de la Iglesia cat\u00f3lica.<\/strong><\/p>\n\n\n\n<p class=\"has-medium-font-size\">El pont\u00edfice se\u00f1al\u00f3 directamente al ala dura de la instituci\u00f3n en EE.UU. durante una reuni\u00f3n con jesuitas en una cita de j\u00f3venes cat\u00f3licos en Lisboa (Portugal) en agosto.<\/p>\n\n\n\n<p class=\"has-medium-font-size\">&#8220;<strong>En Estados Unidos la situaci\u00f3n no es f\u00e1cil:\u00a0hay una actitud reaccionaria muy fuerte. Est\u00e1 organizada y moldea la pertenencia de la gente, incluso emocionalmente<\/strong>&#8220;, afirm\u00f3.<\/p>\n\n\n\n<p class=\"has-medium-font-size\">&#8220;<strong>Ustedes han estado en Estados Unidos y dicen haber sentido un clima cerrado. S\u00ed, este clima se puede experimentar en algunas situaciones<\/strong>&#8220;, les dijo a los presentes.<\/p>\n\n\n\n<p class=\"has-medium-font-size\">Y sentenci\u00f3 que&nbsp;<strong>cuando &#8220;la ideolog\u00eda reemplaza a la fe, la membres\u00eda en un sector de la Iglesia reemplaza la membres\u00eda en la Iglesia&#8221;.<\/strong><\/p>\n\n\n\n<p class=\"has-medium-font-size\">El Papa invit\u00f3 a sus cr\u00edticos a&nbsp;<strong>comprender que &#8220;hay una evoluci\u00f3n apropiada en la comprensi\u00f3n de las cuestiones de fe y moral&#8221; y que es &#8220;in\u00fatil&#8221; mirar hacia atr\u00e1s.<\/strong><\/p>\n\n\n\n<p class=\"has-medium-font-size\">Como ejemplo,&nbsp;<strong>aleg\u00f3 que hace siglos algunos pont\u00edfices eran tolerantes con la esclavitud.<\/strong><\/p>\n\n\n\n<p class=\"has-medium-font-size\">Este tipo de comentarios han alimentado, entre los ultraconservadores de la Iglesia, una profunda desconfianza -cuando no oposici\u00f3n abierta- hacia su liderazgo.<\/p>\n\n\n\n<h3 class=\"wp-block-heading has-medium-font-size\">El ala dura de EE.UU.<\/h3>\n\n\n\n<p class=\"has-medium-font-size\">Tanto el cardenal como el obispo a quienes el Papa aplic\u00f3 medidas disciplinarias se alinean con el cada vez m\u00e1s poderoso sector de l\u00ednea dura dentro de la Iglesia cat\u00f3lica en Estados Unidos.<\/p>\n\n\n\n<p class=\"has-medium-font-size\">En este pa\u00eds de m\u00e1s de 330 millones de habitantes,&nbsp;<strong>los cat\u00f3licos representan aproximadamente un 20% de la poblaci\u00f3n<\/strong>&nbsp;y, seg\u00fan estudios, existe un cierto equilibrio entre el n\u00famero de fieles con posiciones progresistas y quienes defienden ideas conservadoras.<\/p>\n\n\n\n<p class=\"has-medium-font-size\"><strong>La jerarqu\u00eda eclesi\u00e1stica estadounidense se compone de 434 obispos activos y retirados, entre ellos 16 cardenales.<\/strong><\/p>\n\n\n\n<p class=\"has-medium-font-size\">Y, cada vez m\u00e1s, el alto mando de la Iglesia cat\u00f3lica en el pa\u00eds se adscribe a la l\u00ednea dura, defendiendo las doctrinas tradicionales de la instituci\u00f3n frente a los intentos de reforma en liturgia y moralidad del Vaticano bajo el liderazgo del Papa argentino.<\/p>\n\n\n\n<p class=\"has-medium-font-size\"><strong>&#8220;No s\u00e9 si los que se oponen a Francisco son mayor\u00eda, pero tienen m\u00e1s poder y desde hace a\u00f1os controlan la Conferencia Episcopal de Estados Unidos&#8221;, indica Dawn Goldstein.<\/strong><\/p>\n\n\n\n<figure class=\"wp-block-image\"><img decoding=\"async\" src=\"https:\/\/s.yimg.com\/ny\/api\/res\/1.2\/B4JydXqaVcec7ztCpwYfkg--\/YXBwaWQ9aGlnaGxhbmRlcjt3PTk2MDtoPTU0MDtjZj13ZWJw\/https:\/\/media.zenfs.com\/es\/bbc_news_mundo_254\/8741cd0cae2236a9d3e44d3e1aea067a\" alt=\"Los ultraconservadores cat\u00f3licos de EE.UU. se oponen activamente al aborto y al matrimonio entre personas del mismo sexo, entre otros asuntos. (BBC)\"\/><figcaption class=\"wp-element-caption\">Los ultraconservadores cat\u00f3licos de EE.UU. se oponen activamente al aborto y al matrimonio entre personas del mismo sexo, entre otros asuntos. (BBC)<\/figcaption><\/figure>\n\n\n\n<p class=\"has-medium-font-size\"><strong>Estos ultraconservadores defienden puntos de vista restrictivos sobre temas como la sexualidad, el matrimonio entre personas del mismo sexo, el control de la natalidad y el aborto.<\/strong><\/p>\n\n\n\n<p class=\"has-medium-font-size\">Y, aunque tradicionalmente apoyan la autoridad papal, desde hace a\u00f1os han elevado sus cr\u00edticas al jefe de la Iglesia por enfoques que&nbsp;<strong>perciben como demasiado liberales, especialmente en lo que respecta a la inclusi\u00f3n y la adaptaci\u00f3n a las realidades sociales contempor\u00e1neas como el trato a la comunidad LGTBI.<\/strong><\/p>\n\n\n\n<p class=\"has-medium-font-size\"><strong>Tambi\u00e9n difieren de Francisco en asuntos como el cambio clim\u00e1tico, la inmigraci\u00f3n, la justicia social, el control de armas y la pena de muerte.<\/strong><\/p>\n\n\n\n<p class=\"has-medium-font-size\">Goldstein explica que se trata de&nbsp;<strong>un grupo muy poderoso, con apoyos en el mundo empresarial y que controla una vasta red de medios de comunicaci\u00f3n&nbsp;<\/strong>en los que amplifica sus ideas y sus cr\u00edticas al Papa.<\/p>\n\n\n\n<p class=\"has-medium-font-size\"><strong>&#8220;Han estado trabajando durante muchos a\u00f1os, particularmente en Estados Unidos, para que sus medios sean los altavoces de los cat\u00f3licos y para que su narrativa sea la narrativa autorizada&#8221;, afirma la te\u00f3loga.<\/strong><\/p>\n\n\n\n<p class=\"has-medium-font-size\">Argumenta que, entre otros asuntos, el siempre pol\u00e9mico tema del aborto ha jugado un papel fundamental a la hora de radicalizar a las \u00e9lites cat\u00f3licas estadounidenses.<\/p>\n\n\n\n<p class=\"has-medium-font-size\"><strong>Mientras la Iglesia cat\u00f3lica en su conjunto se declara &#8220;pro-vida&#8221; o antiabortista, en el Partido Dem\u00f3crata estadounidense se ha consolidado la posici\u00f3n ideol\u00f3gica favorable al derecho a elegir de las mujeres.<\/strong><\/p>\n\n\n\n<p class=\"has-medium-font-size\">Esto, seg\u00fan Goldstein, ha permitido al conservador\u00a0<strong>Partido Republicano posicionarse como el defensor de los cat\u00f3licos<\/strong>\u00a0y erigirse, con el apoyo de los obispos ultraconservadores, como el principal aliado pol\u00edtico de la Iglesia, favoreciendo que ambas instituciones alineen sus posiciones ideol\u00f3gicas y morales.<\/p>\n\n\n\n<p>Fuente: BBC News Mundo<\/p>\n","protected":false},"excerpt":{"rendered":"<p>La tensi\u00f3n entre el\u00a0Papa Francisco y la poderosa facci\u00f3n ultraconservadora de la Iglesia cat\u00f3lica en Estados Unidos est\u00e1 en niveles m\u00e1ximos, luego de que\u00a0el pont\u00edfice decidiera esta semana desalojar de su residencia en el Vaticano al cardenal retirado estadounidense Raymond Leo Burke, abiertamente cr\u00edtico con su gesti\u00f3n. Por: Atahualpa Amerise Para: BBC News Mundo Francisco [&hellip;]<\/p>\n","protected":false},"author":3,"featured_media":2721,"comment_status":"closed","ping_status":"open","sticky":false,"template":"","format":"standard","meta":{"footnotes":""},"categories":[47,6,39],"tags":[394,161,40],"class_list":["post-2720","post","type-post","status-publish","format-standard","has-post-thumbnail","hentry","category-internacional","category-noticias","category-politica","tag-iglesia-catolica","tag-papa-francisco","tag-politica"],"blog_post_layout_featured_media_urls":{"thumbnail":["https:\/\/lavozdisruptiva.com\/wp-content\/uploads\/2023\/12\/Francisco-1-150x150.jpg",150,150,true],"full":["https:\/\/lavozdisruptiva.com\/wp-content\/uploads\/2023\/12\/Francisco-1.jpg",1200,900,false]},"categories_names":{"47":{"name":"Internacional","link":"https:\/\/lavozdisruptiva.com\/index.php\/category\/internacional\/"},"6":{"name":"Noticias","link":"https:\/\/lavozdisruptiva.com\/index.php\/category\/noticias\/"},"39":{"name":"Pol\u00edtica","link":"https:\/\/lavozdisruptiva.com\/index.php\/category\/politica\/"}},"tags_names":{"394":{"name":"Iglesia Cat\u00f3lica","link":"https:\/\/lavozdisruptiva.com\/index.php\/tag\/iglesia-catolica\/"},"161":{"name":"Papa Francisco","link":"https:\/\/lavozdisruptiva.com\/index.php\/tag\/papa-francisco\/"},"40":{"name":"Pol\u00edtica","link":"https:\/\/lavozdisruptiva.com\/index.php\/tag\/politica\/"}},"comments_number":"0","wpmagazine_modules_lite_featured_media_urls":{"thumbnail":["https:\/\/lavozdisruptiva.com\/wp-content\/uploads\/2023\/12\/Francisco-1-150x150.jpg",150,150,true],"cvmm-medium":["https:\/\/lavozdisruptiva.com\/wp-content\/uploads\/2023\/12\/Francisco-1-300x300.jpg",300,300,true],"cvmm-medium-plus":["https:\/\/lavozdisruptiva.com\/wp-content\/uploads\/2023\/12\/Francisco-1-305x207.jpg",305,207,true],"cvmm-portrait":["https:\/\/lavozdisruptiva.com\/wp-content\/uploads\/2023\/12\/Francisco-1-400x600.jpg",400,600,true],"cvmm-medium-square":["https:\/\/lavozdisruptiva.com\/wp-content\/uploads\/2023\/12\/Francisco-1-600x600.jpg",600,600,true],"cvmm-large":["https:\/\/lavozdisruptiva.com\/wp-content\/uploads\/2023\/12\/Francisco-1-1024x900.jpg",1024,900,true],"cvmm-small":["https:\/\/lavozdisruptiva.com\/wp-content\/uploads\/2023\/12\/Francisco-1-130x95.jpg",130,95,true],"full":["https:\/\/lavozdisruptiva.com\/wp-content\/uploads\/2023\/12\/Francisco-1.jpg",1200,900,false]},"_links":{"self":[{"href":"https:\/\/lavozdisruptiva.com\/index.php\/wp-json\/wp\/v2\/posts\/2720","targetHints":{"allow":["GET"]}}],"collection":[{"href":"https:\/\/lavozdisruptiva.com\/index.php\/wp-json\/wp\/v2\/posts"}],"about":[{"href":"https:\/\/lavozdisruptiva.com\/index.php\/wp-json\/wp\/v2\/types\/post"}],"author":[{"embeddable":true,"href":"https:\/\/lavozdisruptiva.com\/index.php\/wp-json\/wp\/v2\/users\/3"}],"replies":[{"embeddable":true,"href":"https:\/\/lavozdisruptiva.com\/index.php\/wp-json\/wp\/v2\/comments?post=2720"}],"version-history":[{"count":2,"href":"https:\/\/lavozdisruptiva.com\/index.php\/wp-json\/wp\/v2\/posts\/2720\/revisions"}],"predecessor-version":[{"id":2724,"href":"https:\/\/lavozdisruptiva.com\/index.php\/wp-json\/wp\/v2\/posts\/2720\/revisions\/2724"}],"wp:featuredmedia":[{"embeddable":true,"href":"https:\/\/lavozdisruptiva.com\/index.php\/wp-json\/wp\/v2\/media\/2721"}],"wp:attachment":[{"href":"https:\/\/lavozdisruptiva.com\/index.php\/wp-json\/wp\/v2\/media?parent=2720"}],"wp:term":[{"taxonomy":"category","embeddable":true,"href":"https:\/\/lavozdisruptiva.com\/index.php\/wp-json\/wp\/v2\/categories?post=2720"},{"taxonomy":"post_tag","embeddable":true,"href":"https:\/\/lavozdisruptiva.com\/index.php\/wp-json\/wp\/v2\/tags?post=2720"}],"curies":[{"name":"wp","href":"https:\/\/api.w.org\/{rel}","templated":true}]}}