{"id":2705,"date":"2023-12-03T18:34:27","date_gmt":"2023-12-03T21:34:27","guid":{"rendered":"https:\/\/lavozdisruptiva.com\/?p=2705"},"modified":"2023-12-03T18:34:28","modified_gmt":"2023-12-03T21:34:28","slug":"expertos-creen-que-el-acceso-a-la-financiacion-climatica-provoca-la-brecha-de-genero","status":"publish","type":"post","link":"https:\/\/lavozdisruptiva.com\/index.php\/2023\/12\/03\/expertos-creen-que-el-acceso-a-la-financiacion-climatica-provoca-la-brecha-de-genero\/","title":{"rendered":"Expertos creen que el acceso a la financiaci\u00f3n clim\u00e1tica provoca la brecha de g\u00e9nero"},"content":{"rendered":"\n<p class=\"has-medium-font-size\">Un panel de expertos sobre inversi\u00f3n y&nbsp;<strong>cuestiones de genero<\/strong>&nbsp;se\u00f1al\u00f3 que la desigualdad en sectores relacionados con el clima se debe a la dificultad de acceso a proyectos de financiaci\u00f3n por parte de las mujeres, seg\u00fan explicaron en una mesa redonda organizada por el&nbsp;<strong>Banco Interamericano de Desarrollo (BID)<\/strong>&nbsp;durante la COP28 de Dub\u00e1i.<\/p>\n\n\n\n<p class=\"has-medium-font-size\">La embajadora canadiense para el Cambio Clim\u00e1tico,&nbsp;<strong>Catherine Stewart<\/strong>, incidi\u00f3 en que las mujeres est\u00e1n entre \u201clas m\u00e1s afectados por el cambio clim\u00e1tico\u201d, debido a que como \u201cgrupo vulnerable\u201d se resienten ante cualquier tipo de crisis.<\/p>\n\n\n\n<p class=\"has-medium-font-size\">En especial, la diplom\u00e1tica se refiri\u00f3 a las mujeres en comunidades peque\u00f1as y remotas de Am\u00e9rica Latina o de \u00c1frica, donde la falta o destrucci\u00f3n de trabajos por el clima les obliga a contar con&nbsp;<strong>apoyo externo&nbsp;<\/strong>para lograr la diversificaci\u00f3n laboral.<\/p>\n\n\n\n<h3 class=\"wp-block-heading\"><strong>Brecha de g\u00e9nero y financiaci\u00f3n<\/strong><\/h3>\n\n\n\n<p class=\"has-medium-font-size\">En una publicaci\u00f3n de&nbsp;<strong>BID Invest<\/strong>, que eval\u00faa la eficacia de los incentivos basados en el desempe\u00f1o y la asistencia t\u00e9cnica (AT) en la promoci\u00f3n de la igualdad de g\u00e9nero, se establece que la pandemia les afect\u00f3 de forma particular con una mayor p\u00e9rdida de ingresos, desempleo y carga dom\u00e9stica no remunerada.<\/p>\n\n\n\n<p class=\"has-medium-font-size\">En este sentido, la directora ejecutiva de Climate Investment Funds (CIF),&nbsp;<strong>Tariye Gbadegesin<\/strong>, pidi\u00f3 que no se olvide que tambi\u00e9n el cambio clim\u00e1tico est\u00e1 agravando dicha situaci\u00f3n, ya que seg\u00fan sus estudios, por ejemplo, en los pr\u00f3ximos a\u00f1os tendremos suficientes ingenieros e ingenieras para desarrollar las energ\u00edas renovables, pero no profesionales suficientes para aplicarlas; \u201ces una buena oportunidad para lograr el equilibro 50-50 de representaci\u00f3n en el sector\u201d.<\/p>\n\n\n\n<p class=\"has-medium-font-size\">A nivel global las mujeres representan el 48 % de la&nbsp;<strong>fuerza laboral mundial<\/strong>, pero solo ocupan el 22 % en el sector del petr\u00f3leo y el gas, y el 32 % en el caso de empleos existentes en energ\u00edas renovables.<\/p>\n\n\n\n<h3 class=\"wp-block-heading\"><strong>Soluciones en comunidades locales<\/strong><\/h3>\n\n\n\n<p class=\"has-medium-font-size\">La directora de Asuntos de Gobierno y Apoyo en Scatec -empresa dedicada a soluciones energ\u00e9ticas-,&nbsp;<strong>Enja Saethren<\/strong>, narr\u00f3 como en sus proyectos en&nbsp;<a href=\"https:\/\/efecomunica.efe.com\/caribe-advierte-riesgo-seguridad-alimentaria\/\" target=\"_blank\" rel=\"noreferrer noopener\">Am\u00e9rica Latina<\/a>&nbsp;vieron que las mujeres eran \u201cvulnerables en muchos sentidos\u201d, pero todas expresaron la voluntad de participar en proyectos de sostenibilidad.<\/p>\n\n\n\n<p class=\"has-medium-font-size\">\u201cNo hubo ninguna falta por su parte a los&nbsp;<strong>cursos de formaci\u00f3n<\/strong>. Muchas de ellas ya est\u00e1n trabajando, tienen nuevas habilidades y hemos visto que el modelo funciona y puede ser aplicable a otros sectores\u201d, puntualiz\u00f3. EFE<\/p>\n\n\n\n<figure class=\"wp-block-image\"><a href=\"https:\/\/efecomunica.efe.com\/acceso-financiacion-climatica-brecha-genero\/imagen-expertos-creen-que-el-acceso-a-la-financiacion-climatica-provoca-la-brecha-de-genero-3\/#main\"><img decoding=\"async\" src=\"https:\/\/i0.wp.com\/efecomunica.efe.com\/wp-content\/uploads\/2023\/12\/rss-efe812fe7ee3bd1d11f6240f4bcca6f0394a2729b94w.jpg?w=596&amp;h=397&amp;ssl=1\" alt=\"Panel de expertos sobre inversi\u00f3n y cuestiones de genero, organizado por el Banco Interamericano de Desarrollo (BID) durante la COP28 de Dub\u00e1i. EFE\/Jos\u00e9 Miguel Pascual \" title=\"Imagen-Expertos creen que el acceso a la financiaci\u00f3n clim\u00e1tica provoca la brecha de g\u00e9nero\"\/><\/a><\/figure>\n\n\n\n<p><a href=\"https:\/\/efecomunica.efe.com\/acceso-financiacion-climatica-brecha-genero\/imagen-expertos-creen-que-el-acceso-a-la-financiacion-climatica-provoca-la-brecha-de-genero-2\/#main\"><\/a>Panel de expertos sobre los problemas para resolver la brecha de g\u00e9nero y clima, organizado por el Banco Interamericano de Desarrollo (BID) durante la COP28 de Dub\u00e1i. EFE\/Jos\u00e9 Miguel Pascual<\/p>\n\n\n\n<p>Fuente: Efe<\/p>\n","protected":false},"excerpt":{"rendered":"<p>Un panel de expertos sobre inversi\u00f3n y&nbsp;cuestiones de genero&nbsp;se\u00f1al\u00f3 que la desigualdad en sectores relacionados con el clima se debe a la dificultad de acceso a proyectos de financiaci\u00f3n por parte de las mujeres, seg\u00fan explicaron en una mesa redonda organizada por el&nbsp;Banco Interamericano de Desarrollo (BID)&nbsp;durante la COP28 de Dub\u00e1i. La embajadora canadiense para [&hellip;]<\/p>\n","protected":false},"author":2,"featured_media":2706,"comment_status":"closed","ping_status":"open","sticky":false,"template":"","format":"standard","meta":{"footnotes":""},"categories":[170,4,93,47],"tags":[151,40],"class_list":["post-2705","post","type-post","status-publish","format-standard","has-post-thumbnail","hentry","category-agricultura","category-economia","category-el-mundo","category-internacional","tag-cambio-climatico","tag-politica"],"blog_post_layout_featured_media_urls":{"thumbnail":["https:\/\/lavozdisruptiva.com\/wp-content\/uploads\/2023\/12\/rss-efe21349a10778682d38dac21e06a443928da2deff1w-1120x747-1-150x150.webp",150,150,true],"full":["https:\/\/lavozdisruptiva.com\/wp-content\/uploads\/2023\/12\/rss-efe21349a10778682d38dac21e06a443928da2deff1w-1120x747-1.webp",1120,747,false]},"categories_names":{"170":{"name":"Agricultura","link":"https:\/\/lavozdisruptiva.com\/index.php\/category\/agricultura\/"},"4":{"name":"Econom\u00eda","link":"https:\/\/lavozdisruptiva.com\/index.php\/category\/economia\/"},"93":{"name":"EL MUNDO","link":"https:\/\/lavozdisruptiva.com\/index.php\/category\/el-mundo\/"},"47":{"name":"Internacional","link":"https:\/\/lavozdisruptiva.com\/index.php\/category\/internacional\/"}},"tags_names":{"151":{"name":"Cambio Climatico","link":"https:\/\/lavozdisruptiva.com\/index.php\/tag\/cambio-climatico\/"},"40":{"name":"Pol\u00edtica","link":"https:\/\/lavozdisruptiva.com\/index.php\/tag\/politica\/"}},"comments_number":"0","wpmagazine_modules_lite_featured_media_urls":{"thumbnail":["https:\/\/lavozdisruptiva.com\/wp-content\/uploads\/2023\/12\/rss-efe21349a10778682d38dac21e06a443928da2deff1w-1120x747-1-150x150.webp",150,150,true],"cvmm-medium":["https:\/\/lavozdisruptiva.com\/wp-content\/uploads\/2023\/12\/rss-efe21349a10778682d38dac21e06a443928da2deff1w-1120x747-1-300x300.webp",300,300,true],"cvmm-medium-plus":["https:\/\/lavozdisruptiva.com\/wp-content\/uploads\/2023\/12\/rss-efe21349a10778682d38dac21e06a443928da2deff1w-1120x747-1-305x207.webp",305,207,true],"cvmm-portrait":["https:\/\/lavozdisruptiva.com\/wp-content\/uploads\/2023\/12\/rss-efe21349a10778682d38dac21e06a443928da2deff1w-1120x747-1-400x600.webp",400,600,true],"cvmm-medium-square":["https:\/\/lavozdisruptiva.com\/wp-content\/uploads\/2023\/12\/rss-efe21349a10778682d38dac21e06a443928da2deff1w-1120x747-1-600x600.webp",600,600,true],"cvmm-large":["https:\/\/lavozdisruptiva.com\/wp-content\/uploads\/2023\/12\/rss-efe21349a10778682d38dac21e06a443928da2deff1w-1120x747-1-1024x747.webp",1024,747,true],"cvmm-small":["https:\/\/lavozdisruptiva.com\/wp-content\/uploads\/2023\/12\/rss-efe21349a10778682d38dac21e06a443928da2deff1w-1120x747-1-130x95.webp",130,95,true],"full":["https:\/\/lavozdisruptiva.com\/wp-content\/uploads\/2023\/12\/rss-efe21349a10778682d38dac21e06a443928da2deff1w-1120x747-1.webp",1120,747,false]},"_links":{"self":[{"href":"https:\/\/lavozdisruptiva.com\/index.php\/wp-json\/wp\/v2\/posts\/2705","targetHints":{"allow":["GET"]}}],"collection":[{"href":"https:\/\/lavozdisruptiva.com\/index.php\/wp-json\/wp\/v2\/posts"}],"about":[{"href":"https:\/\/lavozdisruptiva.com\/index.php\/wp-json\/wp\/v2\/types\/post"}],"author":[{"embeddable":true,"href":"https:\/\/lavozdisruptiva.com\/index.php\/wp-json\/wp\/v2\/users\/2"}],"replies":[{"embeddable":true,"href":"https:\/\/lavozdisruptiva.com\/index.php\/wp-json\/wp\/v2\/comments?post=2705"}],"version-history":[{"count":1,"href":"https:\/\/lavozdisruptiva.com\/index.php\/wp-json\/wp\/v2\/posts\/2705\/revisions"}],"predecessor-version":[{"id":2708,"href":"https:\/\/lavozdisruptiva.com\/index.php\/wp-json\/wp\/v2\/posts\/2705\/revisions\/2708"}],"wp:featuredmedia":[{"embeddable":true,"href":"https:\/\/lavozdisruptiva.com\/index.php\/wp-json\/wp\/v2\/media\/2706"}],"wp:attachment":[{"href":"https:\/\/lavozdisruptiva.com\/index.php\/wp-json\/wp\/v2\/media?parent=2705"}],"wp:term":[{"taxonomy":"category","embeddable":true,"href":"https:\/\/lavozdisruptiva.com\/index.php\/wp-json\/wp\/v2\/categories?post=2705"},{"taxonomy":"post_tag","embeddable":true,"href":"https:\/\/lavozdisruptiva.com\/index.php\/wp-json\/wp\/v2\/tags?post=2705"}],"curies":[{"name":"wp","href":"https:\/\/api.w.org\/{rel}","templated":true}]}}