{"id":2687,"date":"2023-11-30T13:25:26","date_gmt":"2023-11-30T16:25:26","guid":{"rendered":"https:\/\/lavozdisruptiva.com\/?p=2687"},"modified":"2024-01-24T08:41:12","modified_gmt":"2024-01-24T11:41:12","slug":"juicio-por-mala-praxis-en-la-expropiacion-de-ypf-otra-herencia-para-que-milei-resuelva","status":"publish","type":"post","link":"https:\/\/lavozdisruptiva.com\/index.php\/2023\/11\/30\/juicio-por-mala-praxis-en-la-expropiacion-de-ypf-otra-herencia-para-que-milei-resuelva\/","title":{"rendered":"Juicio por mala praxis en la expropiaci\u00f3n de YPF otra herencia para que Milei resuelva."},"content":{"rendered":"\n<p class=\"has-medium-font-size\">La Justicia estadounidense fij\u00f3 nuevos plazos y Milei deber\u00e1 definir c\u00f3mo se sigue. Son U$S 16.000.000 que -hasta el momento- deber\u00e1 pagar el estado argentino. El procedimiento quedar\u00e1 en manos del nuevo presidente argentino, ya que la jueza Loretta Preska puso una nueva fecha l\u00edmite para que el Estado argentino fije posici\u00f3n. Ver:<\/p>\n\n\n\n<p class=\"has-medium-font-size\"><a href=\"https:\/\/lavozdisruptiva.com\/index.php\/2023\/09\/16\/mala-praxis-con-ypf-argentina-debera-deberemos-pagar-16-000-millones-de-dolares\/\" data-type=\"link\" data-id=\"https:\/\/lavozdisruptiva.com\/index.php\/2023\/09\/16\/mala-praxis-con-ypf-argentina-debera-deberemos-pagar-16-000-millones-de-dolares\/\">https:\/\/lavozdisruptiva.com\/index.php\/2023\/09\/16\/mala-praxis-con-ypf-argentina-debera-deberemos-pagar-16-000-millones-de-dolares\/<\/a><\/p>\n\n\n\n<p class=\"has-medium-font-size\">La\u00a0<strong>Justicia de Estados Unidos<\/strong>\u00a0dio el visto bueno y\u00a0<strong>extendi\u00f3 el plazo\u00a0<\/strong>para que\u00a0\u00a0<strong>Argentina deposite\u00a0<\/strong>la\u00a0<strong>garant\u00eda\u00a0<\/strong>en medio del juicio por la expropiaci\u00f3n de YPF  Este pedido se hizo hace dos d\u00edas, ya que el <strong>Gobierno pidi\u00f3 reasignar la responsabilidad para que lo\u00a0defina Javier Milei<\/strong>, una vez que asuma el pr\u00f3ximo 10 de diciembre.\u00a0<\/p>\n\n\n\n<figure class=\"wp-block-image size-large\"><img loading=\"lazy\" decoding=\"async\" width=\"1024\" height=\"682\" src=\"https:\/\/lavozdisruptiva.com\/wp-content\/uploads\/2023\/11\/ypf-camiones-1024x682.jpeg\" alt=\"\" class=\"wp-image-2690\" srcset=\"https:\/\/lavozdisruptiva.com\/wp-content\/uploads\/2023\/11\/ypf-camiones-1024x682.jpeg 1024w, https:\/\/lavozdisruptiva.com\/wp-content\/uploads\/2023\/11\/ypf-camiones-300x200.jpeg 300w, https:\/\/lavozdisruptiva.com\/wp-content\/uploads\/2023\/11\/ypf-camiones-768x512.jpeg 768w, https:\/\/lavozdisruptiva.com\/wp-content\/uploads\/2023\/11\/ypf-camiones-1536x1024.jpeg 1536w, https:\/\/lavozdisruptiva.com\/wp-content\/uploads\/2023\/11\/ypf-camiones.jpeg 1946w\" sizes=\"auto, (max-width: 1024px) 100vw, 1024px\" \/><\/figure>\n\n\n\n<p class=\"has-medium-font-size\">Ni bien asuma el nuevo gobierno deber\u00e1&nbsp;<strong>analizar que caminos tomar\u00e1&nbsp;<\/strong>en el juicio por el que Estado nacional fue&nbsp;condenado a pagar u$s16.000 millones por mala praxis expropiatoria&nbsp;del gobierno de Cristina Kirchner, en 2012.<\/p>\n\n\n\n<h2 class=\"wp-block-heading has-medium-font-size\">Juicio por YPF: \u00bfcu\u00e1nto tiempo tiene Milei para definir la estrategia?<\/h2>\n\n\n\n<p class=\"has-medium-font-size\">&#8220;<strong>Se concede la solicitud\u00a0de la demandada Rep\u00fablica Argentina para ampliar el plazo del 5 de diciembre y la suspensi\u00f3n provisional de la ejecuci\u00f3n. [&#8230;] El tribunal recuerda a la Rep\u00fablica que, como condici\u00f3n para la suspensi\u00f3n de la ejecuci\u00f3n con m\u00ednima seguridad, le exigi\u00f3 solicitar una revisi\u00f3n acelerada ante el Tribunal de Apelaciones, no es una cuesti\u00f3n de acuerdo entre las partes<\/strong>&#8220;, se detalla en el fallo firmado por la jueza Loretta Preska.<\/p>\n\n\n\n<p class=\"has-medium-font-size\">En el documento se detalla que con el objetivo de\u00a0<strong>permitir &#8220;adaptarse a la nueva administraci\u00f3n en Argentina, la Corte permitir\u00e1 hasta el 10 de enero que la Rep\u00fablica entregue los activos a los Demandantes, como se indica en la orden de la Corte del 21 de noviembre<\/strong>&#8220;.<\/p>\n\n\n\n<p class=\"has-medium-font-size\">Otra\u00a0<strong>fecha\u00a0<\/strong>que se\u00a0<strong>modifica\u00a0<\/strong>es el plazo para que las autoridades nacionales\u00a0<strong>presenten el escrito de apertura y soliciten la revisi\u00f3n\u00a0<\/strong>acelerada al Tribunal de Apelaciones: &#8220;<strong>La suspensi\u00f3n temporal de la ejecuci\u00f3n permanecer\u00e1 en vigor hasta que la Rep\u00fablica no haya prometido activos a los demandantes\u00a0antes del 10 o 30 de enero, lo que ocurra primero<\/strong>&#8220;.<\/p>\n\n\n\n<p class=\"has-medium-font-size\"><strong>EL GOBIERNO ARGENTINO ACTUAL RESPONSABLE DEL PROBLEMA Y SE LO PASA AL GOBIERNO DE MILEI PARA &#8220;QUE LO RESUELVA&#8221;<\/strong><\/p>\n\n\n\n<p class=\"has-medium-font-size\">&#8220;<strong>Una vez que se cumplan ambas condiciones, es decir, pignorar los activos seg\u00fan lo dispuesto en la orden del 21 de noviembre y solicitar un tratamiento acelerado en el Tribunal de Apelaciones de conformidad con el calendario de presentaciones informativas ahora modificado por las partes, a m\u00e1s tardar el 30 de enero de 2024, se concede a la Rep\u00fablica una nueva suspensi\u00f3n de la ejecuci\u00f3n en espera de apelaci\u00f3n<\/strong>&#8220;, cierra el documento que comparti\u00f3 el analista Sebasti\u00e1n Maril y especialista en el caso.<\/p>\n\n\n\n<p class=\"has-medium-font-size\">Maril, en declaraciones p\u00fablicas, sostuvo que &#8220;<strong>el gobierno actual, desde hoy, se deslig\u00f3 del caso YPF.\u00a0Se lo sac\u00f3 encima. Culminaron cuatro a\u00f1os nefastos en t\u00e9rminos legales, pero la decisi\u00f3n sobre una apelaci\u00f3n express y la presentaci\u00f3n de avales quedar\u00e1 en manos de Milei<\/strong>&#8220;.\u00a0<\/p>\n\n\n\n<p class=\"has-medium-font-size\">Fuente: Medios digitales<\/p>\n","protected":false},"excerpt":{"rendered":"<p>La Justicia estadounidense fij\u00f3 nuevos plazos y Milei deber\u00e1 definir c\u00f3mo se sigue. Son U$S 16.000.000 que -hasta el momento- deber\u00e1 pagar el estado argentino. El procedimiento quedar\u00e1 en manos del nuevo presidente argentino, ya que la jueza Loretta Preska puso una nueva fecha l\u00edmite para que el Estado argentino fije posici\u00f3n. Ver: https:\/\/lavozdisruptiva.com\/index.php\/2023\/09\/16\/mala-praxis-con-ypf-argentina-debera-deberemos-pagar-16-000-millones-de-dolares\/ La\u00a0Justicia [&hellip;]<\/p>\n","protected":false},"author":3,"featured_media":2688,"comment_status":"closed","ping_status":"open","sticky":false,"template":"","format":"standard","meta":{"footnotes":""},"categories":[4,81,48,39],"tags":[66,383,40],"class_list":["post-2687","post","type-post","status-publish","format-standard","has-post-thumbnail","hentry","category-economia","category-nacional","category-policiales","category-politica","tag-economia","tag-juicio-ypf","tag-politica"],"blog_post_layout_featured_media_urls":{"thumbnail":["https:\/\/lavozdisruptiva.com\/wp-content\/uploads\/2023\/11\/YPF-150x150.jpeg",150,150,true],"full":["https:\/\/lavozdisruptiva.com\/wp-content\/uploads\/2023\/11\/YPF.jpeg",1200,1050,false]},"categories_names":{"4":{"name":"Econom\u00eda","link":"https:\/\/lavozdisruptiva.com\/index.php\/category\/economia\/"},"81":{"name":"Nacional","link":"https:\/\/lavozdisruptiva.com\/index.php\/category\/nacional\/"},"48":{"name":"Policiales","link":"https:\/\/lavozdisruptiva.com\/index.php\/category\/policiales\/"},"39":{"name":"Pol\u00edtica","link":"https:\/\/lavozdisruptiva.com\/index.php\/category\/politica\/"}},"tags_names":{"66":{"name":"Econom\u00eda","link":"https:\/\/lavozdisruptiva.com\/index.php\/tag\/economia\/"},"383":{"name":"Juicio YPF","link":"https:\/\/lavozdisruptiva.com\/index.php\/tag\/juicio-ypf\/"},"40":{"name":"Pol\u00edtica","link":"https:\/\/lavozdisruptiva.com\/index.php\/tag\/politica\/"}},"comments_number":"0","wpmagazine_modules_lite_featured_media_urls":{"thumbnail":["https:\/\/lavozdisruptiva.com\/wp-content\/uploads\/2023\/11\/YPF-150x150.jpeg",150,150,true],"cvmm-medium":["https:\/\/lavozdisruptiva.com\/wp-content\/uploads\/2023\/11\/YPF-300x300.jpeg",300,300,true],"cvmm-medium-plus":["https:\/\/lavozdisruptiva.com\/wp-content\/uploads\/2023\/11\/YPF-305x207.jpeg",305,207,true],"cvmm-portrait":["https:\/\/lavozdisruptiva.com\/wp-content\/uploads\/2023\/11\/YPF-400x600.jpeg",400,600,true],"cvmm-medium-square":["https:\/\/lavozdisruptiva.com\/wp-content\/uploads\/2023\/11\/YPF-600x600.jpeg",600,600,true],"cvmm-large":["https:\/\/lavozdisruptiva.com\/wp-content\/uploads\/2023\/11\/YPF-1024x1024.jpeg",1024,1024,true],"cvmm-small":["https:\/\/lavozdisruptiva.com\/wp-content\/uploads\/2023\/11\/YPF-130x95.jpeg",130,95,true],"full":["https:\/\/lavozdisruptiva.com\/wp-content\/uploads\/2023\/11\/YPF.jpeg",1200,1050,false]},"_links":{"self":[{"href":"https:\/\/lavozdisruptiva.com\/index.php\/wp-json\/wp\/v2\/posts\/2687","targetHints":{"allow":["GET"]}}],"collection":[{"href":"https:\/\/lavozdisruptiva.com\/index.php\/wp-json\/wp\/v2\/posts"}],"about":[{"href":"https:\/\/lavozdisruptiva.com\/index.php\/wp-json\/wp\/v2\/types\/post"}],"author":[{"embeddable":true,"href":"https:\/\/lavozdisruptiva.com\/index.php\/wp-json\/wp\/v2\/users\/3"}],"replies":[{"embeddable":true,"href":"https:\/\/lavozdisruptiva.com\/index.php\/wp-json\/wp\/v2\/comments?post=2687"}],"version-history":[{"count":2,"href":"https:\/\/lavozdisruptiva.com\/index.php\/wp-json\/wp\/v2\/posts\/2687\/revisions"}],"predecessor-version":[{"id":2691,"href":"https:\/\/lavozdisruptiva.com\/index.php\/wp-json\/wp\/v2\/posts\/2687\/revisions\/2691"}],"wp:featuredmedia":[{"embeddable":true,"href":"https:\/\/lavozdisruptiva.com\/index.php\/wp-json\/wp\/v2\/media\/2688"}],"wp:attachment":[{"href":"https:\/\/lavozdisruptiva.com\/index.php\/wp-json\/wp\/v2\/media?parent=2687"}],"wp:term":[{"taxonomy":"category","embeddable":true,"href":"https:\/\/lavozdisruptiva.com\/index.php\/wp-json\/wp\/v2\/categories?post=2687"},{"taxonomy":"post_tag","embeddable":true,"href":"https:\/\/lavozdisruptiva.com\/index.php\/wp-json\/wp\/v2\/tags?post=2687"}],"curies":[{"name":"wp","href":"https:\/\/api.w.org\/{rel}","templated":true}]}}