{"id":2683,"date":"2023-11-30T08:11:38","date_gmt":"2023-11-30T11:11:38","guid":{"rendered":"https:\/\/lavozdisruptiva.com\/?p=2683"},"modified":"2023-11-30T08:11:40","modified_gmt":"2023-11-30T11:11:40","slug":"javier-milei-cerrara-la-secretaria-de-comercio-y-liberara-todos-los-precios-que-pueda","status":"publish","type":"post","link":"https:\/\/lavozdisruptiva.com\/index.php\/2023\/11\/30\/javier-milei-cerrara-la-secretaria-de-comercio-y-liberara-todos-los-precios-que-pueda\/","title":{"rendered":"Javier Milei cerrar\u00e1 la Secretar\u00eda de Comercio y liberar\u00e1 &#8220;todos los precios que pueda&#8221;"},"content":{"rendered":"\n<h2 class=\"wp-block-heading\" style=\"font-size:24px\">El nuevo gobierno cerrar\u00e1 la Secretar\u00eda de Comercio para liberar precios, aunque no ser\u00eda sencillo &#8220;por las bombas que le est\u00e1 dejando la actual gesti\u00f3n&#8221;.<\/h2>\n\n\n\n<p class=\"has-medium-font-size\">El presidente electo Javier Milei calific\u00f3 a la regulaci\u00f3n de\u00a0<strong>precios<\/strong>\u00a0como\u00a0<strong>&#8220;una aberraci\u00f3n&#8221;<\/strong>, por lo que eliminar\u00e1 la\u00a0<strong>Secretar\u00eda de Comercio<\/strong>\u00a0&#8220;<strong>en el sentido que le han dado hist\u00f3ricamente los gobiernos anteriores<\/strong>&#8220;. En esa l\u00ednea, agreg\u00f3 que piensa liberar\u00a0<strong>&#8220;todos los precios que pueda&#8221;<\/strong>, aunque hay algunos que todav\u00eda no podr\u00e1 hacerlo &#8220;<strong>por las\u00a0caracter\u00edsticas\u00a0de las bombas que dej\u00f3 plantadas el Gobierno actual<\/strong>&#8220;.<\/p>\n\n\n\n<figure class=\"wp-block-image is-resized\"><img decoding=\"async\" src=\"https:\/\/media.ambito.com\/p\/5649695dfc7cec8580dd80a211cb3f03\/adjuntos\/239\/imagenes\/041\/157\/0041157929\/655x368\/smart\/milei-fotojpg.jpg\" alt=\"Javier Milei asegur\u00f3 que van a liberar todos los precios que puedan.\" style=\"width:840px;height:auto\"\/><figcaption class=\"wp-element-caption\">Javier Milei asegur\u00f3 que van a liberar &#8220;todos los precios que puedan&#8221;.<\/figcaption><\/figure>\n\n\n\n<p class=\"has-medium-font-size\">Cuando se le pregunt\u00f3 en qu\u00e9 sentido se refiere a &#8220;<strong>las bombas plantadas<\/strong>&#8221; por la gesti\u00f3n de\u00a0<strong>Alberto Fern\u00e1ndez,<\/strong>\u00a0el dirigente electo de La Libertad Avanza afirm\u00f3 que &#8220;<strong>en este momento\u00a0est\u00e1n sentadas las bases\u00a0para una\u00a0hiperinflaci\u00f3n\u00a0peor que la de Alfons\u00edn.\u00a0Eso ser\u00eda un porotito<\/strong>&#8220;.<\/p>\n\n\n\n<p class=\"has-medium-font-size\">&#8220;<strong>No tienen que estar haciendo eso de regular precios, a m\u00ed me parece\u00a0una aberraci\u00f3n eso&#8221;<\/strong>. Eso fue lo que dijo despu\u00e9s Milei en declaraciones con radio El Observador.<\/p>\n\n\n\n<h2 class=\"wp-block-heading\" style=\"font-size:24px\">Liberaci\u00f3n masiva de precios: Milei apunta contra las Leliqs<\/h2>\n\n\n\n<p class=\"has-medium-font-size\">El Presidente electo sostuvo que la liberaci\u00f3n de precios puede hacerse &#8220;<strong>con algunos tipos de instrumentos indexados a d\u00f3lar<\/strong>&#8220;. Pero advirti\u00f3 que, por ejemplo, si se la libera el cepo en ese contexto &#8220;<strong>puede generar un problema\u00a0much\u00edsimo m\u00e1s grande\u00a0que cuando se sali\u00f3 del cepo con Macri, con el d\u00f3lar futuro. Bueno ese problema es\u00a0chiquito\u00a0al lado del que est\u00e1n\u00a0dejando ahora&#8221;,\u00a0<\/strong>explic\u00f3.<\/p>\n\n\n\n<p class=\"has-medium-font-size\">&#8220;<strong>Las\u00a0Leliqs\u00a0son un primer elemento. El problema central del cepo es que te\u00a0entorpece\u00a0la econom\u00eda, te la\u00a0traba\u00a0y no te deja expandirte. Entonces ten\u00e9s que abrir el cepo, pero tiene que estar hecho en un contexto donde\u00a0no tengas un cambio de portafolio\u00a0que implique una brutal ca\u00edda de la demanda de pesos que te dispare la hiper<\/strong>&#8220;, enfatiz\u00f3 el presidente electo por\u00a0<strong>La Libertad Avanza<\/strong>.<\/p>\n\n\n\n<h2 class=\"wp-block-heading\" style=\"font-size:24px\">\u00bfQu\u00e9 rol tiene hist\u00f3ricamente la Secretar\u00eda de Comercio?<\/h2>\n\n\n\n<p class=\"has-medium-font-size\">Actualmente, la<strong>&nbsp;Secretar\u00eda de Comercio&nbsp;<\/strong>funciona dentro del organigrama del&nbsp;<strong>Ministerio de Econom\u00eda<\/strong>, que est\u00e1 a cargo de Mat\u00edas Tombolini y es el organismo que lleva adelante los acuerdos denominados&nbsp;<strong>Precios Justos<\/strong>, los cuales se negocian con las empresas de consumo masivo y distintos sectores de la econom\u00eda, adem\u00e1s de otras cuestiones.<\/p>\n\n\n\n<p class=\"has-medium-font-size\">Seg\u00fan informaci\u00f3n oficial, la Secretar\u00eda de Comercio\u00a0<strong>&#8220;trabaja en la formulaci\u00f3n\u00a0y ejecuci\u00f3n de la pol\u00edtica comercial, implementando medidas comerciales tendientes a mejorar la organizaci\u00f3n de los mercados de bienes y servicios p\u00fablicos y privados<\/strong>&#8220;.<\/p>\n\n\n\n<p class=\"has-medium-font-size\">Asimismo, dise\u00f1a<strong>\u00a0pol\u00edticas de defensa<\/strong>\u00a0de los consumidores y consumidoras, adem\u00e1s de gestionar pol\u00edticas en\u00a0<strong>defensa de la competencia<\/strong>\u00a0y de\u00a0<strong>supervisar<\/strong>\u00a0la gesti\u00f3n del<strong>\u00a0comercio exterior<\/strong>, en coordinaci\u00f3n con otras \u00e1reas competentes.<\/p>\n\n\n\n<p style=\"font-size:24px\"><strong>Los distintos programas implementados<\/strong><\/p>\n\n\n\n<p class=\"has-medium-font-size\">El programa Precios Cuidados se lanz\u00f3 a finales de 2013, durante el gobierno de Cristina Kirchner, con el objetivo de contener los aumentos de precios de la canasta b\u00e1sica alimentaria. Fue inicialmente desactivado por Mauricio Macri al asumir, en diciembre de 2015, pero a las pocas semanas lo volvi\u00f3 a implementar.<\/p>\n\n\n\n<p class=\"has-medium-font-size\">En el inicio del gobierno de Alberto Fern\u00e1ndez se ampliaron la canasta y los acuerdos. En noviembre de 2022, el programa fue relanzado como Precios Justos, abarcando unos dos mil<strong>&nbsp;<\/strong>rubros de la canasta b\u00e1sica y una pauta de incremento mensual regulado sobre unos 50 mil productos.<\/p>\n\n\n\n<p class=\"has-medium-font-size\">El \u00faltimo acuerdo alcanzado contempl\u00f3 un incremento general de los precios incorporados al programa del 5 por ciento para noviembre y del 8 por ciento para diciembre, compromisos abandonados anticipadamente por una amplia franja de empresas l\u00edderes en los principales rubros de g\u00f3ndola.<\/p>\n\n\n\n<p class=\"has-medium-font-size\">Durante el gobierno de Alberto Fern\u00e1ndez, estuvieron a cargo de esta secretar\u00eda\u00a0<strong>Paula Espa\u00f1ol, Roberto Feletti, Guillermo Hang, Mart\u00edn Pollera y Mat\u00edas Tombolini<\/strong>.<\/p>\n\n\n\n<p class=\"has-medium-font-size\">Fuentes: \u00c1mbito\/ Medios digitales<\/p>\n","protected":false},"excerpt":{"rendered":"<p>El nuevo gobierno cerrar\u00e1 la Secretar\u00eda de Comercio para liberar precios, aunque no ser\u00eda sencillo &#8220;por las bombas que le est\u00e1 dejando la actual gesti\u00f3n&#8221;. El presidente electo Javier Milei calific\u00f3 a la regulaci\u00f3n de\u00a0precios\u00a0como\u00a0&#8220;una aberraci\u00f3n&#8221;, por lo que eliminar\u00e1 la\u00a0Secretar\u00eda de Comercio\u00a0&#8220;en el sentido que le han dado hist\u00f3ricamente los gobiernos anteriores&#8220;. En esa [&hellip;]<\/p>\n","protected":false},"author":3,"featured_media":2684,"comment_status":"closed","ping_status":"open","sticky":false,"template":"","format":"standard","meta":{"footnotes":""},"categories":[4,81,39],"tags":[66,44,40,382],"class_list":["post-2683","post","type-post","status-publish","format-standard","has-post-thumbnail","hentry","category-economia","category-nacional","category-politica","tag-economia","tag-milei","tag-politica","tag-secretaria-de-comercio"],"blog_post_layout_featured_media_urls":{"thumbnail":["https:\/\/lavozdisruptiva.com\/wp-content\/uploads\/2023\/11\/Javier-Milei-150x150.webp",150,150,true],"full":["https:\/\/lavozdisruptiva.com\/wp-content\/uploads\/2023\/11\/Javier-Milei.webp",1200,679,false]},"categories_names":{"4":{"name":"Econom\u00eda","link":"https:\/\/lavozdisruptiva.com\/index.php\/category\/economia\/"},"81":{"name":"Nacional","link":"https:\/\/lavozdisruptiva.com\/index.php\/category\/nacional\/"},"39":{"name":"Pol\u00edtica","link":"https:\/\/lavozdisruptiva.com\/index.php\/category\/politica\/"}},"tags_names":{"66":{"name":"Econom\u00eda","link":"https:\/\/lavozdisruptiva.com\/index.php\/tag\/economia\/"},"44":{"name":"Milei","link":"https:\/\/lavozdisruptiva.com\/index.php\/tag\/milei\/"},"40":{"name":"Pol\u00edtica","link":"https:\/\/lavozdisruptiva.com\/index.php\/tag\/politica\/"},"382":{"name":"Secretar\u00eda de Comercio","link":"https:\/\/lavozdisruptiva.com\/index.php\/tag\/secretaria-de-comercio\/"}},"comments_number":"0","wpmagazine_modules_lite_featured_media_urls":{"thumbnail":["https:\/\/lavozdisruptiva.com\/wp-content\/uploads\/2023\/11\/Javier-Milei-150x150.webp",150,150,true],"cvmm-medium":["https:\/\/lavozdisruptiva.com\/wp-content\/uploads\/2023\/11\/Javier-Milei-300x300.webp",300,300,true],"cvmm-medium-plus":["https:\/\/lavozdisruptiva.com\/wp-content\/uploads\/2023\/11\/Javier-Milei-305x207.webp",305,207,true],"cvmm-portrait":["https:\/\/lavozdisruptiva.com\/wp-content\/uploads\/2023\/11\/Javier-Milei-400x600.webp",400,600,true],"cvmm-medium-square":["https:\/\/lavozdisruptiva.com\/wp-content\/uploads\/2023\/11\/Javier-Milei-600x600.webp",600,600,true],"cvmm-large":["https:\/\/lavozdisruptiva.com\/wp-content\/uploads\/2023\/11\/Javier-Milei-1024x679.webp",1024,679,true],"cvmm-small":["https:\/\/lavozdisruptiva.com\/wp-content\/uploads\/2023\/11\/Javier-Milei-130x95.webp",130,95,true],"full":["https:\/\/lavozdisruptiva.com\/wp-content\/uploads\/2023\/11\/Javier-Milei.webp",1200,679,false]},"_links":{"self":[{"href":"https:\/\/lavozdisruptiva.com\/index.php\/wp-json\/wp\/v2\/posts\/2683","targetHints":{"allow":["GET"]}}],"collection":[{"href":"https:\/\/lavozdisruptiva.com\/index.php\/wp-json\/wp\/v2\/posts"}],"about":[{"href":"https:\/\/lavozdisruptiva.com\/index.php\/wp-json\/wp\/v2\/types\/post"}],"author":[{"embeddable":true,"href":"https:\/\/lavozdisruptiva.com\/index.php\/wp-json\/wp\/v2\/users\/3"}],"replies":[{"embeddable":true,"href":"https:\/\/lavozdisruptiva.com\/index.php\/wp-json\/wp\/v2\/comments?post=2683"}],"version-history":[{"count":2,"href":"https:\/\/lavozdisruptiva.com\/index.php\/wp-json\/wp\/v2\/posts\/2683\/revisions"}],"predecessor-version":[{"id":2686,"href":"https:\/\/lavozdisruptiva.com\/index.php\/wp-json\/wp\/v2\/posts\/2683\/revisions\/2686"}],"wp:featuredmedia":[{"embeddable":true,"href":"https:\/\/lavozdisruptiva.com\/index.php\/wp-json\/wp\/v2\/media\/2684"}],"wp:attachment":[{"href":"https:\/\/lavozdisruptiva.com\/index.php\/wp-json\/wp\/v2\/media?parent=2683"}],"wp:term":[{"taxonomy":"category","embeddable":true,"href":"https:\/\/lavozdisruptiva.com\/index.php\/wp-json\/wp\/v2\/categories?post=2683"},{"taxonomy":"post_tag","embeddable":true,"href":"https:\/\/lavozdisruptiva.com\/index.php\/wp-json\/wp\/v2\/tags?post=2683"}],"curies":[{"name":"wp","href":"https:\/\/api.w.org\/{rel}","templated":true}]}}