{"id":2603,"date":"2023-11-21T18:19:16","date_gmt":"2023-11-21T21:19:16","guid":{"rendered":"https:\/\/lavozdisruptiva.com\/?p=2603"},"modified":"2024-01-24T08:42:32","modified_gmt":"2024-01-24T11:42:32","slug":"gobernadores-del-norte-grande-piden-al-gobierno-nacional-que-compense-la-merma-de-fondos-coparticipables","status":"publish","type":"post","link":"https:\/\/lavozdisruptiva.com\/index.php\/2023\/11\/21\/gobernadores-del-norte-grande-piden-al-gobierno-nacional-que-compense-la-merma-de-fondos-coparticipables\/","title":{"rendered":"Gobernadores del Norte Grande piden al gobierno nacional que compense la merma de fondos coparticipables"},"content":{"rendered":"\n<h3 class=\"wp-block-heading has-medium-font-size\">En un documento, los diez mandatarios de la regi\u00f3n solicitaron -esta vez al presidente  Fern\u00e1ndez- &#8220;con car\u00e1cter urgente&#8221; que &#8220;arbitre los medios necesarios para que se incorpore a la masa coparticipable el 25% de la recaudaci\u00f3n del Impuesto a los D\u00e9bitos y Cr\u00e9ditos Bancarios y el 35% de la recaudaci\u00f3n del Impuesto Pa\u00eds&#8221;.<\/h3>\n\n\n\n<p class=\"has-medium-font-size\">En un documento, los diez mandatarios de la regi\u00f3n solicitaron a Fern\u00e1ndez &#8220;<strong>con car\u00e1cter urgente<\/strong>&#8221; que &#8220;<strong>arbitre los medios necesarios para que se incorpore a la masa coparticipable el 25% de la recaudaci\u00f3n del Impuesto a Los D\u00e9bitos y Cr\u00e9ditos Bancarios y el 35% de la recaudaci\u00f3n del Impuesto Pa\u00eds<\/strong>&#8220;.\u00a0&#8220;<strong>A tales fines, solicitamos expresamente se incluyan los importes respectivos en el Proyecto de Ley de Presupuesto nacional del a\u00f1o 2024&#8243;,<\/strong> a\u00f1adieron.<\/p>\n\n\n\n<figure class=\"wp-block-image\"><img decoding=\"async\" src=\"https:\/\/elterritorio-s3.cdn.net.ar\/s3i233\/2023\/09\/elterritorio\/images\/23\/72\/237222_deca755d550214195370740654cb611d8275981e3f98fbee3fd71683bf872b37\/md.webp\" alt=\"Gobernadores del Norte Grande piden al gobierno nacional que compense la merma de fondos coparticipables\" title=\"Gobernadores del Norte Grande piden al gobierno nacional que compense la merma de fondos coparticipables\"\/><figcaption class=\"wp-element-caption\">Otros tiempos: Cuando en plena campa\u00f1a electoral, los gobernadores aceptaron la propuesta de Massa de votar la reducci\u00f3n del impuesto a las Ganancias, que es coparticipable, sin asegurar ninguna compensaci\u00f3n para las arcas provinciales.<\/figcaption><\/figure>\n\n\n\n<p class=\"has-medium-font-size\">Los gobernadores de la Regi\u00f3n del Norte Grande Argentino presentaron hoy al presidente Alberto Fern\u00e1ndez la reiteraci\u00f3n del pedido para compensar la merma de los recursos coparticipables por la modificaci\u00f3n en la recaudaci\u00f3n en el Impuesto a las Ganancias, y solicitaron que se prorrogue hasta el a\u00f1o 2050 el plazo de duraci\u00f3n del Fondo Fiduciario para el Desarrollo Provincial.&nbsp;El primer reclamo hab\u00eda sido realizado a trav\u00e9s del Ministerio de Econom\u00eda, indicaron los gobernadores.<\/p>\n\n\n\n<p class=\"has-medium-font-size\">Los mandatarios se\u00f1alaron asimismo que hasta tanto el Congreso debata esa ley solicitan que &#8220;<strong>se arbitren los mecanismos necesarios a los fines de que se adopten las medidas normativas de necesidad y urgencia para su inmediata implementaci\u00f3n<\/strong>&#8220;.\u00a0Manifestaron adem\u00e1s que ese pedido &#8220;<strong>se formula con el objetivo de compensar fiscalmente a las provincias, debido a la merma de los recursos coparticipables que trae aparejada la modificaci\u00f3n en la recaudaci\u00f3n en el impuesto a las Ganancias en la cuarta categor\u00eda&#8221;<\/strong>:<\/p>\n\n\n\n<p class=\"has-medium-font-size\">&#8220;<strong>Finalmente pedimos disponga la pr\u00f3rroga del plazo de duraci\u00f3n del Fondo Fiduciario para el Desarrollo Provincial creado por Decreto N\u00b0286\/95, hasta el 27 de febrero de 2050&#8243;, <\/strong>concluyeron los gobernadores.<\/p>\n\n\n\n<p class=\"has-medium-font-size\">Los mandatarios firmantes fueron Gerardo Zamora (Santiago del Estero y presidente pro tempore del Consejo Regional del Norte Grande), Gustavo S\u00e1enz (Salta), Ra\u00fal Jalil (Catamarca), Ricardo Quintela (La Rioja), Gerardo Morales (Jujuy), Jorge Capitanich (Chaco), Gildo Insfr\u00e1n (Formosa), Oscar Herrera Ahuad (Misiones), Gustavo Vald\u00e9s (Corrientes) y Osvaldo Jaldo (Tucum\u00e1n).<\/p>\n\n\n\n<p class=\"has-medium-font-size\">Fuente: Diario El Territorio\/ Medios digitales<\/p>\n","protected":false},"excerpt":{"rendered":"<p>En un documento, los diez mandatarios de la regi\u00f3n solicitaron -esta vez al presidente Fern\u00e1ndez- &#8220;con car\u00e1cter urgente&#8221; que &#8220;arbitre los medios necesarios para que se incorpore a la masa coparticipable el 25% de la recaudaci\u00f3n del Impuesto a los D\u00e9bitos y Cr\u00e9ditos Bancarios y el 35% de la recaudaci\u00f3n del Impuesto Pa\u00eds&#8221;. En un [&hellip;]<\/p>\n","protected":false},"author":3,"featured_media":2604,"comment_status":"closed","ping_status":"open","sticky":false,"template":"","format":"standard","meta":{"footnotes":""},"categories":[4,81,39,62],"tags":[129,66,149,40,72],"class_list":["post-2603","post","type-post","status-publish","format-standard","has-post-thumbnail","hentry","category-economia","category-nacional","category-politica","category-regional","tag-alberto-fernandez","tag-economia","tag-elecciones-2023","tag-politica","tag-sergio-massa"],"blog_post_layout_featured_media_urls":{"thumbnail":["https:\/\/lavozdisruptiva.com\/wp-content\/uploads\/2023\/11\/gobernadores-del-Norte-Grande-150x150.jpeg",150,150,true],"full":["https:\/\/lavozdisruptiva.com\/wp-content\/uploads\/2023\/11\/gobernadores-del-Norte-Grande.jpeg",999,600,false]},"categories_names":{"4":{"name":"Econom\u00eda","link":"https:\/\/lavozdisruptiva.com\/index.php\/category\/economia\/"},"81":{"name":"Nacional","link":"https:\/\/lavozdisruptiva.com\/index.php\/category\/nacional\/"},"39":{"name":"Pol\u00edtica","link":"https:\/\/lavozdisruptiva.com\/index.php\/category\/politica\/"},"62":{"name":"Regional","link":"https:\/\/lavozdisruptiva.com\/index.php\/category\/regional\/"}},"tags_names":{"129":{"name":"Alberto Fernandez","link":"https:\/\/lavozdisruptiva.com\/index.php\/tag\/alberto-fernandez\/"},"66":{"name":"Econom\u00eda","link":"https:\/\/lavozdisruptiva.com\/index.php\/tag\/economia\/"},"149":{"name":"Elecciones 2023","link":"https:\/\/lavozdisruptiva.com\/index.php\/tag\/elecciones-2023\/"},"40":{"name":"Pol\u00edtica","link":"https:\/\/lavozdisruptiva.com\/index.php\/tag\/politica\/"},"72":{"name":"Sergio Massa","link":"https:\/\/lavozdisruptiva.com\/index.php\/tag\/sergio-massa\/"}},"comments_number":"0","wpmagazine_modules_lite_featured_media_urls":{"thumbnail":["https:\/\/lavozdisruptiva.com\/wp-content\/uploads\/2023\/11\/gobernadores-del-Norte-Grande-150x150.jpeg",150,150,true],"cvmm-medium":["https:\/\/lavozdisruptiva.com\/wp-content\/uploads\/2023\/11\/gobernadores-del-Norte-Grande-300x300.jpeg",300,300,true],"cvmm-medium-plus":["https:\/\/lavozdisruptiva.com\/wp-content\/uploads\/2023\/11\/gobernadores-del-Norte-Grande-305x207.jpeg",305,207,true],"cvmm-portrait":["https:\/\/lavozdisruptiva.com\/wp-content\/uploads\/2023\/11\/gobernadores-del-Norte-Grande-400x600.jpeg",400,600,true],"cvmm-medium-square":["https:\/\/lavozdisruptiva.com\/wp-content\/uploads\/2023\/11\/gobernadores-del-Norte-Grande-600x600.jpeg",600,600,true],"cvmm-large":["https:\/\/lavozdisruptiva.com\/wp-content\/uploads\/2023\/11\/gobernadores-del-Norte-Grande.jpeg",999,600,false],"cvmm-small":["https:\/\/lavozdisruptiva.com\/wp-content\/uploads\/2023\/11\/gobernadores-del-Norte-Grande-130x95.jpeg",130,95,true],"full":["https:\/\/lavozdisruptiva.com\/wp-content\/uploads\/2023\/11\/gobernadores-del-Norte-Grande.jpeg",999,600,false]},"_links":{"self":[{"href":"https:\/\/lavozdisruptiva.com\/index.php\/wp-json\/wp\/v2\/posts\/2603","targetHints":{"allow":["GET"]}}],"collection":[{"href":"https:\/\/lavozdisruptiva.com\/index.php\/wp-json\/wp\/v2\/posts"}],"about":[{"href":"https:\/\/lavozdisruptiva.com\/index.php\/wp-json\/wp\/v2\/types\/post"}],"author":[{"embeddable":true,"href":"https:\/\/lavozdisruptiva.com\/index.php\/wp-json\/wp\/v2\/users\/3"}],"replies":[{"embeddable":true,"href":"https:\/\/lavozdisruptiva.com\/index.php\/wp-json\/wp\/v2\/comments?post=2603"}],"version-history":[{"count":1,"href":"https:\/\/lavozdisruptiva.com\/index.php\/wp-json\/wp\/v2\/posts\/2603\/revisions"}],"predecessor-version":[{"id":2605,"href":"https:\/\/lavozdisruptiva.com\/index.php\/wp-json\/wp\/v2\/posts\/2603\/revisions\/2605"}],"wp:featuredmedia":[{"embeddable":true,"href":"https:\/\/lavozdisruptiva.com\/index.php\/wp-json\/wp\/v2\/media\/2604"}],"wp:attachment":[{"href":"https:\/\/lavozdisruptiva.com\/index.php\/wp-json\/wp\/v2\/media?parent=2603"}],"wp:term":[{"taxonomy":"category","embeddable":true,"href":"https:\/\/lavozdisruptiva.com\/index.php\/wp-json\/wp\/v2\/categories?post=2603"},{"taxonomy":"post_tag","embeddable":true,"href":"https:\/\/lavozdisruptiva.com\/index.php\/wp-json\/wp\/v2\/tags?post=2603"}],"curies":[{"name":"wp","href":"https:\/\/api.w.org\/{rel}","templated":true}]}}