{"id":2467,"date":"2023-11-08T08:40:11","date_gmt":"2023-11-08T11:40:11","guid":{"rendered":"https:\/\/lavozdisruptiva.com\/?p=2467"},"modified":"2023-11-08T08:40:13","modified_gmt":"2023-11-08T11:40:13","slug":"elecciones-2023-los-candidatos-a-vice-de-massa-y-milei-protagonizaran-un-nuevo-debate-no-oficial-de-cara-al-balotaje","status":"publish","type":"post","link":"https:\/\/lavozdisruptiva.com\/index.php\/2023\/11\/08\/elecciones-2023-los-candidatos-a-vice-de-massa-y-milei-protagonizaran-un-nuevo-debate-no-oficial-de-cara-al-balotaje\/","title":{"rendered":"Elecciones 2023: Los candidatos a vice de Massa y Milei protagonizar\u00e1n un nuevo debate (no oficial) de cara al balotaje"},"content":{"rendered":"\n<h2 class=\"wp-block-heading\" style=\"font-size:24px\">Agust\u00edn Rossi y Victoria Villarruel protagonizar\u00e1n un nuevo debate de cara al balotaje<\/h2>\n\n\n\n<p class=\"has-medium-font-size\">Este mi\u00e9rcoles, los<strong>\u00a0candidatos a vicepresidente de Uni\u00f3n por la Patria, Agust\u00edn Rossi, y de La Libertad Avanza, Victoria Villarruel<\/strong>, protagonizar\u00e1n un<strong>\u00a0segundo debate de cara al balotaje<\/strong>\u00a0del domingo 19. Ser\u00e1 a partir de las 22 y se transmitir\u00e1 en vivo en el programa\u00a0<em>A dos voces<\/em>, del canal\u00a0<em>TN<\/em>, moderado por los periodistas y conductores del ciclo,\u00a0<strong>Marcelo Bonelli y Edgardo Alfano<\/strong>.<\/p>\n\n\n\n<p><img loading=\"lazy\" decoding=\"async\" alt=\"Agust\u00edn Rossi y Victoria Villarruel debatir\u00e1n en la previa del balotaje 2023 (Gustavo Gavotti)\" height=\"1080\" width=\"1920\" src=\"https:\/\/www.infobae.com\/new-resizer\/SzNxYp6lfgh5B1Opq-aKH5g-qpE=\/420x236\/filters:format(webp):quality(85)\/cloudfront-us-east-1.images.arcpublishing.com\/infobae\/JSCMK6RZ4REHBF7XRVTJY6R2WY.JPG%20420w\" srcset=\"https:\/\/www.infobae.com\/new-resizer\/SzNxYp6lfgh5B1Opq-aKH5g-qpE=\/420x236\/filters:format(webp):quality(85)\/cloudfront-us-east-1.images.arcpublishing.com\/infobae\/JSCMK6RZ4REHBF7XRVTJY6R2WY.JPG 420w,https:\/\/www.infobae.com\/new-resizer\/StnUOvhXAvAYy4c-l9aCsfqexyw=\/768x432\/filters:format(webp):quality(85)\/cloudfront-us-east-1.images.arcpublishing.com\/infobae\/JSCMK6RZ4REHBF7XRVTJY6R2WY.JPG 768w,https:\/\/www.infobae.com\/new-resizer\/gu2pPcwc5mp4KtY_jMcvNymKTBg=\/992x558\/filters:format(webp):quality(85)\/cloudfront-us-east-1.images.arcpublishing.com\/infobae\/JSCMK6RZ4REHBF7XRVTJY6R2WY.JPG 992w,https:\/\/www.infobae.com\/new-resizer\/LBXbqPcQo0Nd8cALAdSJQxqBw0A=\/1200x675\/filters:format(webp):quality(85)\/cloudfront-us-east-1.images.arcpublishing.com\/infobae\/JSCMK6RZ4REHBF7XRVTJY6R2WY.JPG 1200w,https:\/\/www.infobae.com\/new-resizer\/IcSjuDEwbAIVQ104w7QmLcgIJ-I=\/1440x810\/filters:format(webp):quality(85)\/cloudfront-us-east-1.images.arcpublishing.com\/infobae\/JSCMK6RZ4REHBF7XRVTJY6R2WY.JPG 1440w\">Agust\u00edn Rossi y Victoria Villarruel debatir\u00e1n en la previa del balotaje 2023 (Gustavo Gavotti)<\/p>\n\n\n\n<p class=\"has-medium-font-size\">Vale aclarar, que se trata de <strong>un debate no oficial <\/strong>y <strong>de car\u00e1cter no obligatorio <\/strong>que organiza la se\u00f1al televisiva. Es la segunda oportunidad que se organiza un encuentro de estas caracter\u00edsticas, ya que en el anterior hab\u00edan participado tambi\u00e9n los candidatos al cargo de las tres f\u00f3rmulas que compitieron en la primera vuelta y que quedaron afuera del balotaje, es decir\u00a0<strong>Luis Petri\u00a0<\/strong>(Juntos por el Cambio),\u00a0<strong>Florencio Randazzo<\/strong>\u00a0(Hacemos por Nuestro Pa\u00eds) y\u00a0<strong>Nicol\u00e1s Del Ca\u00f1o\u00a0<\/strong>(FIT).<\/p>\n\n\n\n<p class=\"has-medium-font-size\">En ese primer duelo televisivo,\u00a0<strong>Rossi protagoniz\u00f3 un tenso cruce con Villarruel<\/strong>, a quien calific\u00f3 de <strong>\u201cinfiltrada de la democracia\u201d<\/strong> por el v\u00ednculo que mantuvo, entre otros represores, con el fallecido dictador\u00a0<strong>Jorge Rafael Videla<\/strong>, a quien visit\u00f3 en varias ocasiones en la prisi\u00f3n donde hasta su muerte, en mayo de 2013, cumpli\u00f3 distintas<strong>\u00a0penas por delitos de lesa humanidad<\/strong>.<\/p>\n\n\n\n<p class=\"has-small-font-size\">Fuente: Infobae<\/p>\n","protected":false},"excerpt":{"rendered":"<p>Agust\u00edn Rossi y Victoria Villarruel protagonizar\u00e1n un nuevo debate de cara al balotaje Este mi\u00e9rcoles, los\u00a0candidatos a vicepresidente de Uni\u00f3n por la Patria, Agust\u00edn Rossi, y de La Libertad Avanza, Victoria Villarruel, protagonizar\u00e1n un\u00a0segundo debate de cara al balotaje\u00a0del domingo 19. Ser\u00e1 a partir de las 22 y se transmitir\u00e1 en vivo en el programa\u00a0A [&hellip;]<\/p>\n","protected":false},"author":3,"featured_media":2468,"comment_status":"closed","ping_status":"open","sticky":false,"template":"","format":"standard","meta":{"footnotes":""},"categories":[81,39],"tags":[362,344,149,44,40,72,242],"class_list":["post-2467","post","type-post","status-publish","format-standard","has-post-thumbnail","hentry","category-nacional","category-politica","tag-agustin-rossi-2","tag-balotaje","tag-elecciones-2023","tag-milei","tag-politica","tag-sergio-massa","tag-victoria-villaruel"],"blog_post_layout_featured_media_urls":{"thumbnail":["https:\/\/lavozdisruptiva.com\/wp-content\/uploads\/2023\/11\/agustin-rossi-y-victoria-villarruel-cara-a-cara-en-un-nuevo-debate-150x150.jpeg",150,150,true],"full":["https:\/\/lavozdisruptiva.com\/wp-content\/uploads\/2023\/11\/agustin-rossi-y-victoria-villarruel-cara-a-cara-en-un-nuevo-debate.jpeg",1066,600,false]},"categories_names":{"81":{"name":"Nacional","link":"https:\/\/lavozdisruptiva.com\/index.php\/category\/nacional\/"},"39":{"name":"Pol\u00edtica","link":"https:\/\/lavozdisruptiva.com\/index.php\/category\/politica\/"}},"tags_names":{"362":{"name":"Agust\u00edn Rossi","link":"https:\/\/lavozdisruptiva.com\/index.php\/tag\/agustin-rossi-2\/"},"344":{"name":"Balotaje","link":"https:\/\/lavozdisruptiva.com\/index.php\/tag\/balotaje\/"},"149":{"name":"Elecciones 2023","link":"https:\/\/lavozdisruptiva.com\/index.php\/tag\/elecciones-2023\/"},"44":{"name":"Milei","link":"https:\/\/lavozdisruptiva.com\/index.php\/tag\/milei\/"},"40":{"name":"Pol\u00edtica","link":"https:\/\/lavozdisruptiva.com\/index.php\/tag\/politica\/"},"72":{"name":"Sergio Massa","link":"https:\/\/lavozdisruptiva.com\/index.php\/tag\/sergio-massa\/"},"242":{"name":"Victoria Villaruel","link":"https:\/\/lavozdisruptiva.com\/index.php\/tag\/victoria-villaruel\/"}},"comments_number":"0","wpmagazine_modules_lite_featured_media_urls":{"thumbnail":["https:\/\/lavozdisruptiva.com\/wp-content\/uploads\/2023\/11\/agustin-rossi-y-victoria-villarruel-cara-a-cara-en-un-nuevo-debate-150x150.jpeg",150,150,true],"cvmm-medium":["https:\/\/lavozdisruptiva.com\/wp-content\/uploads\/2023\/11\/agustin-rossi-y-victoria-villarruel-cara-a-cara-en-un-nuevo-debate-300x300.jpeg",300,300,true],"cvmm-medium-plus":["https:\/\/lavozdisruptiva.com\/wp-content\/uploads\/2023\/11\/agustin-rossi-y-victoria-villarruel-cara-a-cara-en-un-nuevo-debate-305x207.jpeg",305,207,true],"cvmm-portrait":["https:\/\/lavozdisruptiva.com\/wp-content\/uploads\/2023\/11\/agustin-rossi-y-victoria-villarruel-cara-a-cara-en-un-nuevo-debate-400x600.jpeg",400,600,true],"cvmm-medium-square":["https:\/\/lavozdisruptiva.com\/wp-content\/uploads\/2023\/11\/agustin-rossi-y-victoria-villarruel-cara-a-cara-en-un-nuevo-debate-600x600.jpeg",600,600,true],"cvmm-large":["https:\/\/lavozdisruptiva.com\/wp-content\/uploads\/2023\/11\/agustin-rossi-y-victoria-villarruel-cara-a-cara-en-un-nuevo-debate-1024x600.jpeg",1024,600,true],"cvmm-small":["https:\/\/lavozdisruptiva.com\/wp-content\/uploads\/2023\/11\/agustin-rossi-y-victoria-villarruel-cara-a-cara-en-un-nuevo-debate-130x95.jpeg",130,95,true],"full":["https:\/\/lavozdisruptiva.com\/wp-content\/uploads\/2023\/11\/agustin-rossi-y-victoria-villarruel-cara-a-cara-en-un-nuevo-debate.jpeg",1066,600,false]},"_links":{"self":[{"href":"https:\/\/lavozdisruptiva.com\/index.php\/wp-json\/wp\/v2\/posts\/2467","targetHints":{"allow":["GET"]}}],"collection":[{"href":"https:\/\/lavozdisruptiva.com\/index.php\/wp-json\/wp\/v2\/posts"}],"about":[{"href":"https:\/\/lavozdisruptiva.com\/index.php\/wp-json\/wp\/v2\/types\/post"}],"author":[{"embeddable":true,"href":"https:\/\/lavozdisruptiva.com\/index.php\/wp-json\/wp\/v2\/users\/3"}],"replies":[{"embeddable":true,"href":"https:\/\/lavozdisruptiva.com\/index.php\/wp-json\/wp\/v2\/comments?post=2467"}],"version-history":[{"count":1,"href":"https:\/\/lavozdisruptiva.com\/index.php\/wp-json\/wp\/v2\/posts\/2467\/revisions"}],"predecessor-version":[{"id":2469,"href":"https:\/\/lavozdisruptiva.com\/index.php\/wp-json\/wp\/v2\/posts\/2467\/revisions\/2469"}],"wp:featuredmedia":[{"embeddable":true,"href":"https:\/\/lavozdisruptiva.com\/index.php\/wp-json\/wp\/v2\/media\/2468"}],"wp:attachment":[{"href":"https:\/\/lavozdisruptiva.com\/index.php\/wp-json\/wp\/v2\/media?parent=2467"}],"wp:term":[{"taxonomy":"category","embeddable":true,"href":"https:\/\/lavozdisruptiva.com\/index.php\/wp-json\/wp\/v2\/categories?post=2467"},{"taxonomy":"post_tag","embeddable":true,"href":"https:\/\/lavozdisruptiva.com\/index.php\/wp-json\/wp\/v2\/tags?post=2467"}],"curies":[{"name":"wp","href":"https:\/\/api.w.org\/{rel}","templated":true}]}}