{"id":2418,"date":"2023-11-03T19:08:34","date_gmt":"2023-11-03T22:08:34","guid":{"rendered":"https:\/\/lavozdisruptiva.com\/?p=2418"},"modified":"2023-11-03T19:08:35","modified_gmt":"2023-11-03T22:08:35","slug":"lideres-de-america-se-comprometen-a-establecer-la-apep-como-un-foro-de-desarrollo-economico","status":"publish","type":"post","link":"https:\/\/lavozdisruptiva.com\/index.php\/2023\/11\/03\/lideres-de-america-se-comprometen-a-establecer-la-apep-como-un-foro-de-desarrollo-economico\/","title":{"rendered":"L\u00edderes de Am\u00e9rica se comprometen a establecer la APEP como un foro de desarrollo econ\u00f3mico"},"content":{"rendered":"\n<p class=\"has-medium-font-size\"> Los l\u00edderes de Estados Unidos, Canad\u00e1 y diez pa\u00edses latinoamericanos se comprometieron este viernes a establecer la Alianza para la Prosperidad Econ\u00f3mica en las Am\u00e9ricas (APEP) como un foro duradero de desarrollo econ\u00f3mico de la regi\u00f3n.<\/p>\n\n\n\n<p class=\"has-medium-font-size\">As\u00ed figura en la declaraci\u00f3n final de la primera cumbre de la APEP, que se celebr\u00f3 este viernes en la Casa Blanca.<\/p>\n\n\n\n<p class=\"has-medium-font-size\">\u201cTenemos la intenci\u00f3n de que la Alianza para la Prosperidad Econ\u00f3mica en las Am\u00e9ricas sirva como una plataforma regional duradera para llevar a cabo una agenda econ\u00f3mica y de desarrollo econ\u00f3mico ambiciosa, flexible y orientada a objetivos\u201d, afirmaron los l\u00edderes en la declaraci\u00f3n, distribuida por la Casa Blanca.<\/p>\n\n\n\n<p class=\"has-medium-font-size\">Los l\u00edderes dijeron haber identificado cinco prioridades que guiar\u00e1n el trabajo de este nuevo foro: Fortalecer la competitividad e integraci\u00f3n regional, fomentar la prosperidad compartida y la buena gobernanza, construir infraestructura sostenible, proteger el clima y el medioambiente y promover comunidades saludables.<\/p>\n\n\n\n<p class=\"has-medium-font-size\">Seg\u00fan adelant\u00f3 a la prensa esta ma\u00f1ana un alto funcionario estadounidense, el objetivo de la cumbre era crear una \u201cplataforma\u201d que los l\u00edderes del continente americano puedan usar para afrontar los desaf\u00edos que enfrenta la regi\u00f3n en materia de infraestructura, medioambiente, tecnolog\u00eda y generaci\u00f3n de empleo.<\/p>\n\n\n\n<p class=\"has-medium-font-size\">Para consolidar la APEP como un mecanismo para tratar los grandes temas regionales, la idea es que los jefes de Estado y de Gobierno se re\u00fanan cada dos a\u00f1os y haya adem\u00e1s tres reuniones anuales a nivel ministerial: una con los titulares de Exteriores, otra con los de Comercio y otra con los de Finanzas.<\/p>\n\n\n\n<h2 class=\"wp-block-heading\" id=\"h-medidas-de-biden-para-ayudar\">Medidas de Biden para ayudar<\/h2>\n\n\n\n<p class=\"has-medium-font-size\">El presidente de Estados Unidos, Joe Biden, anunci\u00f3 varias medidas, incluida la creaci\u00f3n de un mecanismo para favorecer la creaci\u00f3n de \u201cbonos verdes\u201d, con el objetivo de ayudar a los pa\u00edses de Latinoam\u00e9rica a reducir sus deudas y prosperar econ\u00f3micamente.<\/p>\n\n\n\n<p class=\"has-medium-font-size\">Biden ofreci\u00f3 detalles de esas iniciativas durante la sesi\u00f3n plenaria de la primera cumbre de la APEP.<\/p>\n\n\n\n<p class=\"has-medium-font-size\">Frente a decenas de c\u00e1maras de televisi\u00f3n, Biden dio el discurso inaugural de la cumbre enfatizando la importancia de potenciar el crecimiento de la clase media en toda la regi\u00f3n, un enfoque que es central para su pol\u00edtica econ\u00f3mica en Estados Unidos y que usa tambi\u00e9n para su pol\u00edtica exterior.<\/p>\n\n\n\n<blockquote class=\"wp-block-quote is-layout-flow wp-block-quote-is-layout-flow\">\n<p class=\"has-medium-font-size\">\u201cHay una oportunidad para que la clase media y la clase trabajadora crezca, para aumentar las posibilidades y reducir la desigualdad, para aprovechar el incre\u00edble potencial econ\u00f3mico de las Am\u00e9ricas y convertir el continente americano en la regi\u00f3n econ\u00f3micamente m\u00e1s competitiva del mundo. Creo que est\u00e1 a nuestro alcance\u201d, manifest\u00f3 Biden.<\/p>\n<\/blockquote>\n\n\n\n<h2 class=\"wp-block-heading\" id=\"h-la-prioritaria-la-relacion-con-el-resto-de-america\">La prioritaria la relaci\u00f3n con el resto de Am\u00e9rica<\/h2>\n\n\n\n<p class=\"has-medium-font-size\">Al lado de Biden estaban sentados el presidente de Costa Rica, Rodrigo Chaves Robles, quien se ha convertido en uno de los principales aliados de EE.UU. para promover la APEP, y tambi\u00e9n el presidente de Uruguay, Luis Lacalle Pou. El resto de l\u00edderes estaban sentados alrededor en una mesa en forma de U.<\/p>\n\n\n\n<p class=\"has-medium-font-size\">En su discurso, el mandatario estadounidense adelant\u00f3 algunas de las medidas que ser\u00e1n anunciadas este viernes cuando termine la cumbre, incluido un \u201cfondo para la naturaleza\u201d que Estados Unidos establecer\u00e1 con el Banco Interamericano de Desarrollo (BID), del que es su m\u00e1ximo accionista.<\/p>\n\n\n\n<p class=\"has-medium-font-size\">Ese fondo promover\u00e1 la inversi\u00f3n en \u201cbonos verdes\u201d, instrumentos de deuda emitidos por instituciones p\u00fablicas o privadas para financiar proyectos que sirven para mejorar el medio ambiente.<\/p>\n\n\n\n<figure class=\"wp-block-image\"><img decoding=\"async\" src=\"https:\/\/efe.com\/wp-content\/uploads\/2023\/11\/rss-efef033ef272b5b471352e1ff7bc59e1873b06dc537w-1024x683.jpg\" alt=\"(i-2) El presidente de Colombia, Gustavo Petro, el primer ministro de Canad\u00e1, Justin Trudeau, y las ministras de Exteriores de Panam\u00e1, Janaina Tewaney, y M\u00e9xico, Alicia B\u00e1rcena, participan en la Cumbre de L\u00edderes de la Alianza para la Prosperidad Econ\u00f3mica en las Am\u00e9ricas (APEP), este 3 de noviembre de 2023, en la Casa Blanca, Washington. EFE\/ Shawn Thew\n\" class=\"wp-image-738144\"\/><figcaption class=\"wp-element-caption\">(i-2) El presidente de Colombia, Gustavo Petro, el primer ministro de Canad\u00e1, Justin Trudeau, y las ministras de Exteriores de Panam\u00e1, Janaina Tewaney, y M\u00e9xico, Alicia B\u00e1rcena, participan en la Cumbre de L\u00edderes de la Alianza para la Prosperidad Econ\u00f3mica en las Am\u00e9ricas (APEP), este 3 de noviembre de 2023, en la Casa Blanca, Washington. EFE\/ Shawn Thew<\/figcaption><\/figure>\n\n\n\n<p class=\"has-medium-font-size\">Tambi\u00e9n se promover\u00e1 la inversi\u00f3n con \u201cbonos azules\u201d, llamados as\u00ed porque buscan proteger los oc\u00e9anos y sus ecosistemas.<\/p>\n\n\n\n<p class=\"has-medium-font-size\">Por otro lado, Biden aprovech\u00f3 para anunciar la creaci\u00f3n de un \u201cacelerador de negocios\u201d, liderado por Uruguay, para promover la inversi\u00f3n de capital privado en nuevos negocios en la regi\u00f3n, al igual que un centro de capacitaci\u00f3n en temas de la industria tecnol\u00f3gica en Costa Rica.<\/p>\n\n\n\n<p class=\"has-medium-font-size\">A su vez, resalt\u00f3 Biden, el Gobierno chileno se comprometi\u00f3 a liderar \u201cnuevas iniciativas\u201d para construir una industria espacial en la regi\u00f3n, que ayude a aprovecharse de la tecnolog\u00eda satelital de una mejor manera.<\/p>\n\n\n\n<h2 class=\"wp-block-heading\" id=\"h-la-migracion-un-tema-fundamental\">La migraci\u00f3n, un tema fundamental<\/h2>\n\n\n\n<p class=\"has-medium-font-size\">Con respecto al tema migratorio, Biden destac\u00f3 necesidad de \u201ccompartir\u201d la responsabilidad a la hora de manejar los altos niveles de movimiento humano en toda la regi\u00f3n.<\/p>\n\n\n\n<blockquote class=\"wp-block-quote is-layout-flow wp-block-quote-is-layout-flow\">\n<p class=\"has-medium-font-size\">\u201cDebemos asegurarnos que las comunidades tengan los recursos que necesitas para poder cuidar de los migrantes\u201d, enfatiz\u00f3 el mandatario.<\/p>\n\n\n\n<p class=\"has-medium-font-size\">La cantidad de gente desplazada y refugiada en el continente americano super\u00f3 en 2023 los 21 millones de personas, seg\u00fan cifras de la Agencia de las Naciones Unidas para los Refugiados (Acnur), siendo la venezolana la mayor di\u00e1spora, con m\u00e1s de 6 millones de desplazados en distintos pa\u00edses de la regi\u00f3n.<\/p>\n<\/blockquote>\n\n\n\n<p class=\"has-medium-font-size\">Una vez que Biden termin\u00f3 de hablar, la prensa tuvo que dejar la sala y no pudo escuchar el debate con los otros l\u00edderes.<\/p>\n\n\n\n<figure class=\"wp-block-image\"><img decoding=\"async\" src=\"https:\/\/efe.com\/wp-content\/uploads\/2023\/11\/rss-efee5df50fb109d30bed38a2da849da4e1c6c8300abw-1024x683.jpg\" alt=\"Fotograf\u00eda de familia de los l\u00edderes que asisten a la Cumbre de L\u00edderes de la Alianza para la Prosperidad Econ\u00f3mica en las Am\u00e9ricas (APEP), este 3 de noviembre de 2023, en la Casa Blanca, Washington. EFE\/ Shawn Thew\n\" class=\"wp-image-738140\"\/><figcaption class=\"wp-element-caption\">Fotograf\u00eda de familia de los l\u00edderes que asisten a la Cumbre de L\u00edderes de la Alianza para la Prosperidad Econ\u00f3mica en las Am\u00e9ricas (APEP), este 3 de noviembre de 2023, en la Casa Blanca, Washington. EFE\/ Shawn Thew<\/figcaption><\/figure>\n\n\n\n<p class=\"has-medium-font-size\">La Alianza para la Prosperidad Econ\u00f3mica en las Am\u00e9ricas es una iniciativa que lanz\u00f3 Biden en 2022 durante la Cumbre de las Am\u00e9ricas en Los \u00c1ngeles y que tiene como objetivo combatir la desigualdad econ\u00f3mica y fomentar la integraci\u00f3n regional.<\/p>\n\n\n\n<p class=\"has-medium-font-size\">La de hoy es la primera cumbre entre sus l\u00edderes. En ella est\u00e1n participando, aparte de Biden, los presidentes de Per\u00fa, Dina Boluarte; Colombia, Gustavo Petro; Chile, Gabriel Boric; Uruguay, Luis Lacalle Pou; Rep\u00fablica Dominicana, Luis Abinader; Costa Rica, Rodrigo Chaves, y Ecuador, Guillermo Lasso.<\/p>\n\n\n\n<p class=\"has-medium-font-size\">Tambi\u00e9n participa la primera ministra de Barbados, Mia Mottley, y el primer ministro de Canad\u00e1, Justin Trudeau, as\u00ed como las cancilleres de M\u00e9xico, Alicia B\u00e1rcena, y Panam\u00e1, Janaina Tewaney.<\/p>\n\n\n\n<p>Fuente:EFE<\/p>\n","protected":false},"excerpt":{"rendered":"<p>Los l\u00edderes de Estados Unidos, Canad\u00e1 y diez pa\u00edses latinoamericanos se comprometieron este viernes a establecer la Alianza para la Prosperidad Econ\u00f3mica en las Am\u00e9ricas (APEP) como un foro duradero de desarrollo econ\u00f3mico de la regi\u00f3n. As\u00ed figura en la declaraci\u00f3n final de la primera cumbre de la APEP, que se celebr\u00f3 este viernes en [&hellip;]<\/p>\n","protected":false},"author":2,"featured_media":2419,"comment_status":"closed","ping_status":"open","sticky":false,"template":"","format":"standard","meta":{"footnotes":""},"categories":[4,93,47],"tags":[66,190,40],"class_list":["post-2418","post","type-post","status-publish","format-standard","has-post-thumbnail","hentry","category-economia","category-el-mundo","category-internacional","tag-economia","tag-el-mundo","tag-politica"],"blog_post_layout_featured_media_urls":{"thumbnail":["https:\/\/lavozdisruptiva.com\/wp-content\/uploads\/2023\/11\/rss-efe410bbad970501367516286a099ba0eec4e5a59f9w-1024x576-1-150x150.webp",150,150,true],"full":["https:\/\/lavozdisruptiva.com\/wp-content\/uploads\/2023\/11\/rss-efe410bbad970501367516286a099ba0eec4e5a59f9w-1024x576-1.webp",1024,576,false]},"categories_names":{"4":{"name":"Econom\u00eda","link":"https:\/\/lavozdisruptiva.com\/index.php\/category\/economia\/"},"93":{"name":"EL MUNDO","link":"https:\/\/lavozdisruptiva.com\/index.php\/category\/el-mundo\/"},"47":{"name":"Internacional","link":"https:\/\/lavozdisruptiva.com\/index.php\/category\/internacional\/"}},"tags_names":{"66":{"name":"Econom\u00eda","link":"https:\/\/lavozdisruptiva.com\/index.php\/tag\/economia\/"},"190":{"name":"El mundo","link":"https:\/\/lavozdisruptiva.com\/index.php\/tag\/el-mundo\/"},"40":{"name":"Pol\u00edtica","link":"https:\/\/lavozdisruptiva.com\/index.php\/tag\/politica\/"}},"comments_number":"0","wpmagazine_modules_lite_featured_media_urls":{"thumbnail":["https:\/\/lavozdisruptiva.com\/wp-content\/uploads\/2023\/11\/rss-efe410bbad970501367516286a099ba0eec4e5a59f9w-1024x576-1-150x150.webp",150,150,true],"cvmm-medium":["https:\/\/lavozdisruptiva.com\/wp-content\/uploads\/2023\/11\/rss-efe410bbad970501367516286a099ba0eec4e5a59f9w-1024x576-1-300x300.webp",300,300,true],"cvmm-medium-plus":["https:\/\/lavozdisruptiva.com\/wp-content\/uploads\/2023\/11\/rss-efe410bbad970501367516286a099ba0eec4e5a59f9w-1024x576-1-305x207.webp",305,207,true],"cvmm-portrait":["https:\/\/lavozdisruptiva.com\/wp-content\/uploads\/2023\/11\/rss-efe410bbad970501367516286a099ba0eec4e5a59f9w-1024x576-1-400x576.webp",400,576,true],"cvmm-medium-square":["https:\/\/lavozdisruptiva.com\/wp-content\/uploads\/2023\/11\/rss-efe410bbad970501367516286a099ba0eec4e5a59f9w-1024x576-1-600x576.webp",600,576,true],"cvmm-large":["https:\/\/lavozdisruptiva.com\/wp-content\/uploads\/2023\/11\/rss-efe410bbad970501367516286a099ba0eec4e5a59f9w-1024x576-1.webp",1024,576,false],"cvmm-small":["https:\/\/lavozdisruptiva.com\/wp-content\/uploads\/2023\/11\/rss-efe410bbad970501367516286a099ba0eec4e5a59f9w-1024x576-1-130x95.webp",130,95,true],"full":["https:\/\/lavozdisruptiva.com\/wp-content\/uploads\/2023\/11\/rss-efe410bbad970501367516286a099ba0eec4e5a59f9w-1024x576-1.webp",1024,576,false]},"_links":{"self":[{"href":"https:\/\/lavozdisruptiva.com\/index.php\/wp-json\/wp\/v2\/posts\/2418","targetHints":{"allow":["GET"]}}],"collection":[{"href":"https:\/\/lavozdisruptiva.com\/index.php\/wp-json\/wp\/v2\/posts"}],"about":[{"href":"https:\/\/lavozdisruptiva.com\/index.php\/wp-json\/wp\/v2\/types\/post"}],"author":[{"embeddable":true,"href":"https:\/\/lavozdisruptiva.com\/index.php\/wp-json\/wp\/v2\/users\/2"}],"replies":[{"embeddable":true,"href":"https:\/\/lavozdisruptiva.com\/index.php\/wp-json\/wp\/v2\/comments?post=2418"}],"version-history":[{"count":1,"href":"https:\/\/lavozdisruptiva.com\/index.php\/wp-json\/wp\/v2\/posts\/2418\/revisions"}],"predecessor-version":[{"id":2420,"href":"https:\/\/lavozdisruptiva.com\/index.php\/wp-json\/wp\/v2\/posts\/2418\/revisions\/2420"}],"wp:featuredmedia":[{"embeddable":true,"href":"https:\/\/lavozdisruptiva.com\/index.php\/wp-json\/wp\/v2\/media\/2419"}],"wp:attachment":[{"href":"https:\/\/lavozdisruptiva.com\/index.php\/wp-json\/wp\/v2\/media?parent=2418"}],"wp:term":[{"taxonomy":"category","embeddable":true,"href":"https:\/\/lavozdisruptiva.com\/index.php\/wp-json\/wp\/v2\/categories?post=2418"},{"taxonomy":"post_tag","embeddable":true,"href":"https:\/\/lavozdisruptiva.com\/index.php\/wp-json\/wp\/v2\/tags?post=2418"}],"curies":[{"name":"wp","href":"https:\/\/api.w.org\/{rel}","templated":true}]}}