{"id":2327,"date":"2023-10-25T11:21:01","date_gmt":"2023-10-25T14:21:01","guid":{"rendered":"https:\/\/lavozdisruptiva.com\/?p=2327"},"modified":"2023-10-25T11:21:02","modified_gmt":"2023-10-25T14:21:02","slug":"no-habra-balotaje-contra-macri-en-bs-as-para-santoro-fue-una-decision-colectiva","status":"publish","type":"post","link":"https:\/\/lavozdisruptiva.com\/index.php\/2023\/10\/25\/no-habra-balotaje-contra-macri-en-bs-as-para-santoro-fue-una-decision-colectiva\/","title":{"rendered":"No habr\u00e1 balotaje contra Macri en Bs.As. Para Santoro: &#8220;Fue una decisi\u00f3n colectiva&#8221;"},"content":{"rendered":"\n<h2 class=\"wp-block-heading has-medium-font-size\">El diputado se refiri\u00f3 por primera vez a su decisi\u00f3n de cara al balotaje en la Ciudad de Buenos Aires y explic\u00f3 por qu\u00e9 renunci\u00f3 a la candidatura.<\/h2>\n\n\n\n<p class=\"has-medium-font-size\">El candidato a jefe de Gobierno porte\u00f1o,<a rel=\"noreferrer noopener\" href=\"https:\/\/www.ambito.com\/politica\/confirmado-leandro-santoro-se-del-balotaje-la-ciudad-buenos-aires-n5854528\" target=\"_blank\">\u00a0<strong>Leandro Santoro<\/strong><\/a>, anunci\u00f3 esta tarde su baja del balotaje contra\u00a0<strong>Jorge Macri\u00a0<\/strong>tras quedar como segunda fuerza con el 31,07% de los votos contra el 49,67% del oficialista. Asegur\u00f3 : &#8220;<strong>Es doloroso pero creo que\u00a0fue la decisi\u00f3n correcta, no fue una decisi\u00f3n personal,<a rel=\"noreferrer noopener\" href=\"https:\/\/www.ambito.com\/politica\/sergio-massa-la-decision-santoro-era-innecesario-poner-la-ciudad-un-gasto-n5854792\" target=\"_blank\">\u00a0fue una decisi\u00f3n colectiva\u00a0<\/a>de toda la fuerza&#8221;.<\/strong><\/p>\n\n\n\n<figure class=\"wp-block-image\"><img decoding=\"async\" src=\"https:\/\/media.ambito.com\/p\/873daa64987dc974ac0b19732e391de5\/adjuntos\/239\/imagenes\/041\/068\/0041068884\/leandro-santoro-5jpg.jpg\" alt=\"Leandro Santoro.&nbsp;\"\/><figcaption class=\"wp-element-caption\">Leandro Santoro.&nbsp;T\u00e9lam<\/figcaption><\/figure>\n\n\n\n<p class=\"has-medium-font-size\">Sin embargo, remarc\u00f3 que no fue una decisi\u00f3n f\u00e1cil de tomar: &#8220;<strong>Te puedo asegurar que\u00a0fueron las 48 horas m\u00e1s dif\u00edciles de mi vida, me cuesta no quebrarme, porque s\u00e9 que\u00a0hay mucha gente que confi\u00f3<\/strong>&#8220;.<\/p>\n\n\n\n<p class=\"has-medium-font-size\">Luego relat\u00f3 c\u00f3mo vivi\u00f3 la jornada del domingo de elecciones y record\u00f3 que fue &#8220;<strong>al b\u00fanker\u00a0preparando el discurso para saludarlo a Jorge\u00a0pero cuando arranc\u00f3 el recuento nos damos cuenta que no daba 51 como pens\u00e1bamos, sino 48,6<\/strong>&#8220;.<\/p>\n\n\n\n<p class=\"has-medium-font-size\">&#8220;<strong>Tom\u00e9 la decisi\u00f3n de esperar el escrutinio definitivo y efectivamente, revisando nuestras actas,\u00a0daba una distancia mucho menor, de unos cientos de votos que daban la posibilidad de que\u00a0Jorge pueda ser consagrado como jefe de Gobierno en primera vuelta\u00a0y ah\u00ed empezaron las reuniones<\/strong>&#8220;, dijo sobre el proceso que lo llev\u00f3 a tomar la decisi\u00f3n de bajarse del balotaje en una entrevista en\u00a0<strong>C5N<\/strong>.<\/p>\n\n\n\n<p class=\"has-medium-font-size\">&#8220;<strong>Uno primero piensa en la patria, despu\u00e9s en el movimiento y finalmente en los hombres, como dir\u00eda el General<\/strong>&#8220;, expres\u00f3 y continu\u00f3: &#8220;<strong>A la Ciudad de Buenos Aires le\u00a0hubiese resultado dif\u00edcil aceptar que forz\u00e1ramos un balotaje siendo muy dif\u00edcil revertir la elecci\u00f3n. Estamos hablando de gastar mucho dinero en un contexto de crisis, yo quiero ser muy cauto en esto, tampoco me parec\u00eda que\u00a0por una vanidad personal valdr\u00eda la pena&#8221;.<\/strong><\/p>\n\n\n\n<p class=\"has-medium-font-size\">Sostuvo que si bien \u00e9l ten\u00eda intenciones de participar de la segunda vuelta electoral, admiti\u00f3 que &#8220;<strong>era un contexto muy dif\u00edcil<\/strong>&#8221; ya que se hubiera interpuesto con la candidatura nacional de Sergio Massa: &#8220;<strong>Yo ten\u00eda que ir a buscar el electorado de Marra en contra del PRO mientras\u00a0Sergio ten\u00eda que hacer el procedimiento contrario. Tendr\u00eda que ir a buscar el\u00a0electorado de Patricia enfrent\u00e1ndolo a Milei\u00a0y era activar tambi\u00e9n al PRO y poner a la ciudad en una posici\u00f3n muy dif\u00edcil<\/strong>&#8220;.<\/p>\n\n\n\n<figure class=\"wp-block-image\"><img decoding=\"async\" src=\"https:\/\/media.ambito.com\/p\/904db5b88ab6afe2150e988405bb4008\/adjuntos\/239\/imagenes\/041\/068\/0041068259\/sergio-massa-leandro-santoro.jpg?2023-10-24-17-06-04\" alt=\"\" title=\"\"\/><\/figure>\n\n\n\n<h2 class=\"wp-block-heading has-medium-font-size\">Santoro advirti\u00f3 una &#8220;situaci\u00f3n dram\u00e1tica&#8221; de cara al balotaje nacional<\/h2>\n\n\n\n<p class=\"has-medium-font-size\">Luego de referirse a la campa\u00f1a de<strong>\u00a0Sergio Massa<\/strong>, el diputado advirti\u00f3 que el escenario que se vive a nivel nacional<strong>\u00a0es de una &#8220;situaci\u00f3n dram\u00e1tica&#8221;<\/strong>. Agreg\u00f3: &#8220;<strong>No estamos peleando contra una derecha normal. Si bien creo que Sergio va a ser presidente, hay muchas chances de que una derecha fan\u00e1tica, irracional, intolerante pueda competir con chances por la presidencia de la naci\u00f3n. Entonces\u00a0hay un bien mayor a proteger ah\u00ed: la estabilidad democr\u00e1tica, la paz de los argentinos&#8221;<\/strong>.<\/p>\n\n\n\n<p class=\"has-medium-font-size\">En el mismo sentido enfatiz\u00f3: &#8220;<strong>No es joda.\u00a0Esta gente no es pol\u00edticamente incorrecta, son humanamente incorrectos.\u00a0No se puede gobernar un pa\u00eds con el nuestro con este nivel de irresponsabilidad, a veces me da la sensaci\u00f3n de que es parte de una pel\u00edcula. Estamos hablando de personas que\u00a0quieren vender \u00f3rganos, que quieren vender ni\u00f1os, suponen que todo tiene precio de mercado, que la \u00fanica soluci\u00f3n es la individual&#8230; Sergio Massa tiene virtudes y defectos como tenemos todos, nuestro espacio tiene virtudes y defectos como tenemos todos, pero d\u00e9jense de joder,\u00a0lo que est\u00e1 en frente es una barbaridad, no hay discusi\u00f3n ac\u00e1<\/strong>&#8220;.<\/p>\n\n\n\n<p class=\"has-medium-font-size\">En relaci\u00f3n al contexto pol\u00edtico y la baja de su candidatura consider\u00f3 que &#8220;<strong>era momento de poner pa\u00f1os fr\u00edos y actuar de manera responsable<\/strong>&#8220;.<\/p>\n\n\n\n<h2 class=\"wp-block-heading has-medium-font-size\">&#8220;Hay que integrar al radicalismo a la coalici\u00f3n&#8221;, asegur\u00f3 Santoro<\/h2>\n\n\n\n<p class=\"has-medium-font-size\">M\u00e1s adelante, se refiri\u00f3 a la victoria de Jorge Macri en la Ciudad de Buenos Aires y asegur\u00f3 que si bien &#8220;<strong>mantiene todas las cr\u00edticas que hizo a \u00e9l y al espacio<\/strong>&#8220;, sostuvo que &#8220;<strong>respeta a Jorge Macri. <\/strong>&#8220;<strong>En la Ciudad de Buenos Aires tenemos que dar el ejemplo. Yo veo tanta violencia, tanta irracionalidad&#8230; Yo s\u00e9 que a mucha gente le puede hasta molestar que no ponga m\u00e1s distancia pero honestamente\u00a0creo que el tiempo que viene es un tiempo de racionalidad<\/strong>&#8220;.<\/p>\n\n\n\n<p class=\"has-medium-font-size\">De esta manera volvi\u00f3 a hablar de la elecci\u00f3n nacional y remarc\u00f3: &#8220;Cuando Sergio dice &#8216;hay que construir un gobierno de unidad nacional&#8217; le est\u00e1 pegando en la tecla.&nbsp;<strong>Hay que terminar con la grieta<\/strong>,<strong>&nbsp;si seguimos por este camino puede haber sangre en Argentina.<\/strong><\/p>\n\n\n\n<p class=\"has-medium-font-size\">Tambi\u00e9n presagi\u00f3, de cara a las elecciones nacionales, &#8220;que el pueblo radical lo va a votar a Sergio&#8221; aunque &#8220;<strong>la dirigencia radical va a ser m\u00e1s cauta<\/strong>&#8220;. Consider\u00f3: &#8220;<strong>Hay que hacer el esfuerzo de\u00a0integrar al radicalismo a la coalici\u00f3n. Argentina\u00a0necesita un acuerdo con personas racionales.\u00a0Yo tengo diferencias econ\u00f3micas y pol\u00edticas con los radicales de esta conducci\u00f3n pero en este contexto las diferencias que tengo son infinitamente menores que las que tengo con lo que est\u00e1 en frente<\/strong>&#8220;.<\/p>\n\n\n\n<p class=\"has-medium-font-size\">Para finalizar la entrevista, Santoro volvi\u00f3 a apuntar contra Javier Milei y su espacio y advirti\u00f3 sobre su posible gobierno: &#8220;<strong>No s\u00e9 si estamos tomando consciencia, es un delirio lo que est\u00e1 pasando en Argentina. No estamos hablando de una situaci\u00f3n normal.\u00a0Ni siquiera es Trump y Bolsonaro, esto es mucho m\u00e1s berreta&#8221;<\/strong>.<\/p>\n\n\n\n<p class=\"has-medium-font-size\">&#8220;<strong>La dirigencia pol\u00edtica argentina deber\u00eda dejarse de joder con la especulaci\u00f3n.\u00a0Milei y toda la gente que lo rodea est\u00e1 totalmente al l\u00edmite y no est\u00e1n capacitados para gobernar un pa\u00eds&#8221;, cerr\u00f3.<\/strong><\/p>\n\n\n\n<p class=\"has-medium-font-size\">Fuentes: Diario \u00c1mbito-Medios digitales<\/p>\n","protected":false},"excerpt":{"rendered":"<p>El diputado se refiri\u00f3 por primera vez a su decisi\u00f3n de cara al balotaje en la Ciudad de Buenos Aires y explic\u00f3 por qu\u00e9 renunci\u00f3 a la candidatura. El candidato a jefe de Gobierno porte\u00f1o,\u00a0Leandro Santoro, anunci\u00f3 esta tarde su baja del balotaje contra\u00a0Jorge Macri\u00a0tras quedar como segunda fuerza con el 31,07% de los votos [&hellip;]<\/p>\n","protected":false},"author":3,"featured_media":2328,"comment_status":"closed","ping_status":"open","sticky":false,"template":"","format":"standard","meta":{"footnotes":""},"categories":[81,39],"tags":[344,343,40,72],"class_list":["post-2327","post","type-post","status-publish","format-standard","has-post-thumbnail","hentry","category-nacional","category-politica","tag-balotaje","tag-leandro-santoro","tag-politica","tag-sergio-massa"],"blog_post_layout_featured_media_urls":{"thumbnail":["https:\/\/lavozdisruptiva.com\/wp-content\/uploads\/2023\/10\/Santoro-150x150.webp",150,150,true],"full":["https:\/\/lavozdisruptiva.com\/wp-content\/uploads\/2023\/10\/Santoro.webp",1200,675,false]},"categories_names":{"81":{"name":"Nacional","link":"https:\/\/lavozdisruptiva.com\/index.php\/category\/nacional\/"},"39":{"name":"Pol\u00edtica","link":"https:\/\/lavozdisruptiva.com\/index.php\/category\/politica\/"}},"tags_names":{"344":{"name":"Balotaje","link":"https:\/\/lavozdisruptiva.com\/index.php\/tag\/balotaje\/"},"343":{"name":"Leandro Santoro","link":"https:\/\/lavozdisruptiva.com\/index.php\/tag\/leandro-santoro\/"},"40":{"name":"Pol\u00edtica","link":"https:\/\/lavozdisruptiva.com\/index.php\/tag\/politica\/"},"72":{"name":"Sergio Massa","link":"https:\/\/lavozdisruptiva.com\/index.php\/tag\/sergio-massa\/"}},"comments_number":"0","wpmagazine_modules_lite_featured_media_urls":{"thumbnail":["https:\/\/lavozdisruptiva.com\/wp-content\/uploads\/2023\/10\/Santoro-150x150.webp",150,150,true],"cvmm-medium":["https:\/\/lavozdisruptiva.com\/wp-content\/uploads\/2023\/10\/Santoro-300x300.webp",300,300,true],"cvmm-medium-plus":["https:\/\/lavozdisruptiva.com\/wp-content\/uploads\/2023\/10\/Santoro-305x207.webp",305,207,true],"cvmm-portrait":["https:\/\/lavozdisruptiva.com\/wp-content\/uploads\/2023\/10\/Santoro-400x600.webp",400,600,true],"cvmm-medium-square":["https:\/\/lavozdisruptiva.com\/wp-content\/uploads\/2023\/10\/Santoro-600x600.webp",600,600,true],"cvmm-large":["https:\/\/lavozdisruptiva.com\/wp-content\/uploads\/2023\/10\/Santoro-1024x675.webp",1024,675,true],"cvmm-small":["https:\/\/lavozdisruptiva.com\/wp-content\/uploads\/2023\/10\/Santoro-130x95.webp",130,95,true],"full":["https:\/\/lavozdisruptiva.com\/wp-content\/uploads\/2023\/10\/Santoro.webp",1200,675,false]},"_links":{"self":[{"href":"https:\/\/lavozdisruptiva.com\/index.php\/wp-json\/wp\/v2\/posts\/2327","targetHints":{"allow":["GET"]}}],"collection":[{"href":"https:\/\/lavozdisruptiva.com\/index.php\/wp-json\/wp\/v2\/posts"}],"about":[{"href":"https:\/\/lavozdisruptiva.com\/index.php\/wp-json\/wp\/v2\/types\/post"}],"author":[{"embeddable":true,"href":"https:\/\/lavozdisruptiva.com\/index.php\/wp-json\/wp\/v2\/users\/3"}],"replies":[{"embeddable":true,"href":"https:\/\/lavozdisruptiva.com\/index.php\/wp-json\/wp\/v2\/comments?post=2327"}],"version-history":[{"count":2,"href":"https:\/\/lavozdisruptiva.com\/index.php\/wp-json\/wp\/v2\/posts\/2327\/revisions"}],"predecessor-version":[{"id":2330,"href":"https:\/\/lavozdisruptiva.com\/index.php\/wp-json\/wp\/v2\/posts\/2327\/revisions\/2330"}],"wp:featuredmedia":[{"embeddable":true,"href":"https:\/\/lavozdisruptiva.com\/index.php\/wp-json\/wp\/v2\/media\/2328"}],"wp:attachment":[{"href":"https:\/\/lavozdisruptiva.com\/index.php\/wp-json\/wp\/v2\/media?parent=2327"}],"wp:term":[{"taxonomy":"category","embeddable":true,"href":"https:\/\/lavozdisruptiva.com\/index.php\/wp-json\/wp\/v2\/categories?post=2327"},{"taxonomy":"post_tag","embeddable":true,"href":"https:\/\/lavozdisruptiva.com\/index.php\/wp-json\/wp\/v2\/tags?post=2327"}],"curies":[{"name":"wp","href":"https:\/\/api.w.org\/{rel}","templated":true}]}}