{"id":1871,"date":"2023-10-01T12:01:18","date_gmt":"2023-10-01T15:01:18","guid":{"rendered":"https:\/\/lavozdisruptiva.com\/?p=1871"},"modified":"2023-10-01T12:01:19","modified_gmt":"2023-10-01T15:01:19","slug":"argentina-e-india-firmaron-un-convenio-de-seguridad-social-que-beneficia-a-las-y-los-trabajadores-de-ambos-paises","status":"publish","type":"post","link":"https:\/\/lavozdisruptiva.com\/index.php\/2023\/10\/01\/argentina-e-india-firmaron-un-convenio-de-seguridad-social-que-beneficia-a-las-y-los-trabajadores-de-ambos-paises\/","title":{"rendered":"Argentina e India firmaron un convenio de seguridad social que beneficia a las y los trabajadores de ambos pa\u00edses"},"content":{"rendered":"\n<p class=\"has-vivid-cyan-blue-color has-text-color\">La firma tuvo lugar en el marco de una agenda bilateral. Participaron del acto la ministra de Trabajo, Kelly Olmos; el de Relaciones Exteriores, Santiago Cafiero y el embajador Dinesh Bhatia.<\/p>\n\n\n\n<p class=\"has-medium-font-size\">Argentina y la India avanzaron en su agenda bilateral con la firma de un convenio y acuerdo administrativo sobre seguridad social que beneficiar\u00e1 a las y los trabajadores de ambos pa\u00edses. Por nuestro pa\u00eds, participaron del encuentro la ministra de Trabajo, Empleo y Seguridad Social , Kelly Olmos; el ministro de Relaciones Exteriores, Comercio Internacional y Culto, Santiago Cafiero; y el secretario de Seguridad Social, Luis Guillermo Bulit Go\u00f1i; por la India, estuvo presente el embajador, Dinesh Bhati<\/p>\n\n\n\n<p class=\"has-medium-font-size\">Luego de intensas negociaciones t\u00e9cnicas bilaterales, el acuerdo beneficiar\u00e1 a las y los trabajadores de ambos pa\u00edses, particularmente, a aquellos que hayan trabajado en ambos reg\u00edmenes en distintos momentos de su vida ya que tiene competencia en los sistemas de seguridad social tanto de la India como de Argentina para las prestaciones por vejez, invalidez o supervivencia.<\/p>\n\n\n\n<p class=\"has-medium-font-size\">El convenio propone igualdad de trato entre los ciudadanos de ambas naciones y acuerda que un trabajador que sea trasladado a un pa\u00eds continuar\u00e1 sujeto a la legislaci\u00f3n del otro pa\u00eds hasta un per\u00edodo de veinticuatro meses. Excepcionalmente, el per\u00edodo podr\u00e1 ser prorrogado hasta treinta y seis meses adicionales. Asimismo, para el an\u00e1lisis de los casos de invalidez se reconocer\u00e1n los informes m\u00e9dicos tanto de Argentina como de la India, reconocidos por las partes del acuerdo, y ser\u00e1n facilitados gratuitamente.<\/p>\n\n\n\n<p class=\"has-medium-font-size\">La firma de este acuerdo se concreta en el marco de una relaci\u00f3n bilateral fortalecida en los \u00faltimos a\u00f1os -tanto por los encuentros de alto nivel como la reuni\u00f3n del presidente Alberto Fern\u00e1ndez y el primer ministro Narendra Modi en el marco del G7 en Alemania, el a\u00f1o pasado-, como a trav\u00e9s de la concreci\u00f3n de acuerdos en sectores estrat\u00e9gicos, entre ellos, la reciente firma del acuerdo de cooperaci\u00f3n entre YPF y la compa\u00f1\u00eda petrolera ONGC Videsh Limited, la mayor empresa internacional de petr\u00f3leo y gas de la India. En cooperaci\u00f3n nuclear, se destaca el proyecto de la planta de producci\u00f3n de radiois\u00f3topos en el Centro Bhabha de Mumbai llevado a cabo por la empresa argentina INVAP.<\/p>\n","protected":false},"excerpt":{"rendered":"<p>La firma tuvo lugar en el marco de una agenda bilateral. Participaron del acto la ministra de Trabajo, Kelly Olmos; el de Relaciones Exteriores, Santiago Cafiero y el embajador Dinesh Bhatia. Argentina y la India avanzaron en su agenda bilateral con la firma de un convenio y acuerdo administrativo sobre seguridad social que beneficiar\u00e1 a [&hellip;]<\/p>\n","protected":false},"author":2,"featured_media":1873,"comment_status":"closed","ping_status":"open","sticky":false,"template":"","format":"standard","meta":{"footnotes":""},"categories":[4,93,94,47,6,39],"tags":[40,287],"class_list":["post-1871","post","type-post","status-publish","format-standard","has-post-thumbnail","hentry","category-economia","category-el-mundo","category-el-pais","category-internacional","category-noticias","category-politica","tag-politica","tag-trabajadores"],"blog_post_layout_featured_media_urls":{"thumbnail":["https:\/\/lavozdisruptiva.com\/wp-content\/uploads\/2023\/10\/lg-150x150.webp",150,150,true],"full":["https:\/\/lavozdisruptiva.com\/wp-content\/uploads\/2023\/10\/lg.webp",1200,799,false]},"categories_names":{"4":{"name":"Econom\u00eda","link":"https:\/\/lavozdisruptiva.com\/index.php\/category\/economia\/"},"93":{"name":"EL MUNDO","link":"https:\/\/lavozdisruptiva.com\/index.php\/category\/el-mundo\/"},"94":{"name":"El Pais","link":"https:\/\/lavozdisruptiva.com\/index.php\/category\/el-pais\/"},"47":{"name":"Internacional","link":"https:\/\/lavozdisruptiva.com\/index.php\/category\/internacional\/"},"6":{"name":"Noticias","link":"https:\/\/lavozdisruptiva.com\/index.php\/category\/noticias\/"},"39":{"name":"Pol\u00edtica","link":"https:\/\/lavozdisruptiva.com\/index.php\/category\/politica\/"}},"tags_names":{"40":{"name":"Pol\u00edtica","link":"https:\/\/lavozdisruptiva.com\/index.php\/tag\/politica\/"},"287":{"name":"Trabajadores","link":"https:\/\/lavozdisruptiva.com\/index.php\/tag\/trabajadores\/"}},"comments_number":"0","wpmagazine_modules_lite_featured_media_urls":{"thumbnail":["https:\/\/lavozdisruptiva.com\/wp-content\/uploads\/2023\/10\/lg-150x150.webp",150,150,true],"cvmm-medium":["https:\/\/lavozdisruptiva.com\/wp-content\/uploads\/2023\/10\/lg-300x300.webp",300,300,true],"cvmm-medium-plus":["https:\/\/lavozdisruptiva.com\/wp-content\/uploads\/2023\/10\/lg-305x207.webp",305,207,true],"cvmm-portrait":["https:\/\/lavozdisruptiva.com\/wp-content\/uploads\/2023\/10\/lg-400x600.webp",400,600,true],"cvmm-medium-square":["https:\/\/lavozdisruptiva.com\/wp-content\/uploads\/2023\/10\/lg-600x600.webp",600,600,true],"cvmm-large":["https:\/\/lavozdisruptiva.com\/wp-content\/uploads\/2023\/10\/lg-1024x799.webp",1024,799,true],"cvmm-small":["https:\/\/lavozdisruptiva.com\/wp-content\/uploads\/2023\/10\/lg-130x95.webp",130,95,true],"full":["https:\/\/lavozdisruptiva.com\/wp-content\/uploads\/2023\/10\/lg.webp",1200,799,false]},"_links":{"self":[{"href":"https:\/\/lavozdisruptiva.com\/index.php\/wp-json\/wp\/v2\/posts\/1871","targetHints":{"allow":["GET"]}}],"collection":[{"href":"https:\/\/lavozdisruptiva.com\/index.php\/wp-json\/wp\/v2\/posts"}],"about":[{"href":"https:\/\/lavozdisruptiva.com\/index.php\/wp-json\/wp\/v2\/types\/post"}],"author":[{"embeddable":true,"href":"https:\/\/lavozdisruptiva.com\/index.php\/wp-json\/wp\/v2\/users\/2"}],"replies":[{"embeddable":true,"href":"https:\/\/lavozdisruptiva.com\/index.php\/wp-json\/wp\/v2\/comments?post=1871"}],"version-history":[{"count":1,"href":"https:\/\/lavozdisruptiva.com\/index.php\/wp-json\/wp\/v2\/posts\/1871\/revisions"}],"predecessor-version":[{"id":1874,"href":"https:\/\/lavozdisruptiva.com\/index.php\/wp-json\/wp\/v2\/posts\/1871\/revisions\/1874"}],"wp:featuredmedia":[{"embeddable":true,"href":"https:\/\/lavozdisruptiva.com\/index.php\/wp-json\/wp\/v2\/media\/1873"}],"wp:attachment":[{"href":"https:\/\/lavozdisruptiva.com\/index.php\/wp-json\/wp\/v2\/media?parent=1871"}],"wp:term":[{"taxonomy":"category","embeddable":true,"href":"https:\/\/lavozdisruptiva.com\/index.php\/wp-json\/wp\/v2\/categories?post=1871"},{"taxonomy":"post_tag","embeddable":true,"href":"https:\/\/lavozdisruptiva.com\/index.php\/wp-json\/wp\/v2\/tags?post=1871"}],"curies":[{"name":"wp","href":"https:\/\/api.w.org\/{rel}","templated":true}]}}