{"id":1764,"date":"2023-09-25T11:31:16","date_gmt":"2023-09-25T14:31:16","guid":{"rendered":"https:\/\/lavozdisruptiva.com\/?p=1764"},"modified":"2023-10-03T12:27:31","modified_gmt":"2023-10-03T15:27:31","slug":"gano-juntos-por-el-cambio-en-mendoza","status":"publish","type":"post","link":"https:\/\/lavozdisruptiva.com\/index.php\/2023\/09\/25\/gano-juntos-por-el-cambio-en-mendoza\/","title":{"rendered":"Gan\u00f3 Juntos por el Cambio en Mendoza."},"content":{"rendered":"\n<p style=\"font-size:26px\">El senador radical por <strong>Juntos por el Cambio (JxC)<\/strong> Alfredo Cornejo fue electo gobernador de Mendoza. <strong>Patricia Bulrich<\/strong> particip\u00f3 de los festejos.<\/p>\n\n\n\n<figure class=\"wp-block-image size-large\"><img loading=\"lazy\" decoding=\"async\" width=\"1024\" height=\"576\" src=\"https:\/\/lavozdisruptiva.com\/wp-content\/uploads\/2023\/09\/Votacion-Mendoza-1-1024x576.jpeg\" alt=\"\" class=\"wp-image-1768\" srcset=\"https:\/\/lavozdisruptiva.com\/wp-content\/uploads\/2023\/09\/Votacion-Mendoza-1-1024x576.jpeg 1024w, https:\/\/lavozdisruptiva.com\/wp-content\/uploads\/2023\/09\/Votacion-Mendoza-1-300x169.jpeg 300w, https:\/\/lavozdisruptiva.com\/wp-content\/uploads\/2023\/09\/Votacion-Mendoza-1-768x432.jpeg 768w, https:\/\/lavozdisruptiva.com\/wp-content\/uploads\/2023\/09\/Votacion-Mendoza-1.jpeg 1200w\" sizes=\"auto, (max-width: 1024px) 100vw, 1024px\" \/><\/figure>\n\n\n\n<p class=\"has-medium-font-size\">&#8220;<strong><em>Vamos a poner todo de nosotros para que Mendoza crezca<\/em><\/strong>&#8220;, expres\u00f3 Cornejo cuando se confirm\u00f3 que su ventaja, por m\u00e1s de 10 puntos frente a De Marchi, ya era indescontable. El diputado nacional Omar de Marchi, -un disidente de la versi\u00f3n local tambi\u00e9n de Juntos por el Cambio-, reconoci\u00f3 la derrota.<\/p>\n\n\n\n<p class=\"has-medium-font-size\">Con el 99,30% de las mesas escrutadas, el Frente Cambia Mendoza, con el Alfredo Cornejo y la l\u00edder del PRO local, Hebe Casado, a la cabeza,&nbsp;<strong>se impuso con el 39,50% de los votos, mientras la segunda fuerza, La Uni\u00f3n Mendocina, encabezada por De Marchi y Daniel Orozco, obten\u00eda el 29,67%.<\/strong><br><br>&#8220;<strong><em>Es un honor haber sido gobernador de la provincia y volver a serlo por el voto popular de los vecinos. Vamos a poner todo de nosotros para que Mendoza crezca, se desarrolle y mantenga este est\u00e1ndar de servicios p\u00fablicos<\/em>&#8220;,<\/strong>&nbsp;expres\u00f3 Cornejo.<\/p>\n\n\n\n<p style=\"font-size:21px\">Cornejo, quien gobern\u00f3 en la provincia entre 2015 y 2019, llam\u00f3 a hacer &#8220;<strong><em>un cambio seguro y sostenido de la Argentina, sin vaivenes, sin subidas y bajadas y sin una vuelta al populismo en poco tiempo<\/em><\/strong>&#8220;, acompa\u00f1ado de su compa\u00f1era a la vicegobernacion, Hebe Casado, y la <strong>candidata a la presidencia por Juntos por el Cambio (JXC), Patricia Bullrich<\/strong>.<br><br><strong>Pidi\u00f3 el voto para Patricia Bullrich<\/strong><\/p>\n\n\n\n<p style=\"font-size:21px\"><br>Euf\u00f3rico por el triunfo holgado, el gobernador electo <strong>pidi\u00f3 el voto a la f\u00f3rmula Patricia Bullrich y Luis Petri para la presidencia<\/strong>, \u201c<strong><em>para que la Argentina cambie hacia un proyecto sostenido, con apoyo de los gobernadores, con ideas y un s\u00f3lido poder pol\u00edtico<\/em><\/strong>\u201d.<br><br>Desde arriba del escenario, <strong>Bullrich <\/strong>celebr\u00f3 \u201c<strong><em>el cambio que est\u00e1 en marcha y el camino que estamos recorriendo en base a una fuerte lucha en la Argentina en contra de los irresponsables econ\u00f3micamente<\/em><\/strong>\u201d.<br><br>La candidata de JxC a nivel nacional ,llam\u00f3 a hacer un &#8220;<strong><em>cambio rotundo contra el kirchnerismo<\/em><\/strong>\u201d, y destac\u00f3 que Juntos por el Cambio (JxC) es &#8220;<strong><em>la fuerza m\u00e1s importante<\/em><\/strong>&#8220;, confi\u00f3 en el eventual triunfo de su fuerza en provincia de Buenos Aires, Entre R\u00edos y CABA, \u201c<strong><em>y con esas tres vamos a lograr un triunfo contundente en la Naci\u00f3n<\/em><\/strong>\u201d, augur\u00f3.<br><br>Omar De Marchi, que qued\u00f3 segundo en los comicios de este domingo, sin mencionar al ganador Cornejo, destac\u00f3 que&nbsp;<strong>su espacio &#8220;tiene tan solo 160 d\u00edas de existencia y se transform\u00f3 en la segunda fuerza provincial, duplicando en votos al tercero&#8221;<\/strong>.<br><br>En el b\u00fanker de Cambia Mendoza celebraron esta noche el <strong>gobernador de Corrientes, Gustavo Vald\u00e9s<\/strong>; el jefe del bloque de Diputados, el radical Mario Negri; y el diputado Jos\u00e9 Luis Espert, algunas de las figuras nacionales en llegar a la celebraci\u00f3n cuyana.<br><br><strong>El peronismo tercero<\/strong><\/p>\n\n\n\n<p class=\"has-medium-font-size\">En tanto el candidato del Frente Eleg\u00ed, Omar Parisi, fue el primero en asumir que el peronismo mendocino se encontraba en el tercer puesto y admiti\u00f3 \u201c<strong><em>no haber cumplido las expectativas<\/em>\u201d<\/strong>.<br>\u201c<strong><em>Hemos hecho un trabajo grande y hemos cumplido. Para recuperar el peronismo necesitaremos unidad que en algunas circunstancias y lugares no la hemos tenido<\/em><\/strong>\u201d, lament\u00f3.<br><\/p>\n\n\n\n<p class=\"has-medium-font-size\">Durante los comicios de este domingo, se inform\u00f3 que c<strong>oncurri\u00f3 a votar el 71% del padr\u00f3n electoral<\/strong>&nbsp;aproximadamente, en una elecci\u00f3n donde no hubo referentes de La Libertad Avanza, espacio que lleva a Javier Milei como candidato presidencial, quien fue el m\u00e1s votado en las PASO, con el 44,8%, contra 28,4% de JxC. El voto en blanco lleg\u00f3 a un 4,78%.<\/p>\n","protected":false},"excerpt":{"rendered":"<p>El senador radical por Juntos por el Cambio (JxC) Alfredo Cornejo fue electo gobernador de Mendoza. Patricia Bulrich particip\u00f3 de los festejos. &#8220;Vamos a poner todo de nosotros para que Mendoza crezca&#8220;, expres\u00f3 Cornejo cuando se confirm\u00f3 que su ventaja, por m\u00e1s de 10 puntos frente a De Marchi, ya era indescontable. El diputado nacional [&hellip;]<\/p>\n","protected":false},"author":3,"featured_media":1767,"comment_status":"closed","ping_status":"open","sticky":false,"template":"","format":"standard","meta":{"footnotes":""},"categories":[81,39],"tags":[257,149,99,40],"class_list":["post-1764","post","type-post","status-publish","format-standard","has-post-thumbnail","hentry","category-nacional","category-politica","tag-alfredo-cornejo","tag-elecciones-2023","tag-patricia-bullrich","tag-politica"],"blog_post_layout_featured_media_urls":{"thumbnail":["https:\/\/lavozdisruptiva.com\/wp-content\/uploads\/2023\/09\/Votacion-mendoza-2-150x150.jpeg",150,150,true],"full":["https:\/\/lavozdisruptiva.com\/wp-content\/uploads\/2023\/09\/Votacion-mendoza-2.jpeg",1200,675,false]},"categories_names":{"81":{"name":"Nacional","link":"https:\/\/lavozdisruptiva.com\/index.php\/category\/nacional\/"},"39":{"name":"Pol\u00edtica","link":"https:\/\/lavozdisruptiva.com\/index.php\/category\/politica\/"}},"tags_names":{"257":{"name":"Alfredo Cornejo","link":"https:\/\/lavozdisruptiva.com\/index.php\/tag\/alfredo-cornejo\/"},"149":{"name":"Elecciones 2023","link":"https:\/\/lavozdisruptiva.com\/index.php\/tag\/elecciones-2023\/"},"99":{"name":"Patricia Bullrich","link":"https:\/\/lavozdisruptiva.com\/index.php\/tag\/patricia-bullrich\/"},"40":{"name":"Pol\u00edtica","link":"https:\/\/lavozdisruptiva.com\/index.php\/tag\/politica\/"}},"comments_number":"0","wpmagazine_modules_lite_featured_media_urls":{"thumbnail":["https:\/\/lavozdisruptiva.com\/wp-content\/uploads\/2023\/09\/Votacion-mendoza-2-150x150.jpeg",150,150,true],"cvmm-medium":["https:\/\/lavozdisruptiva.com\/wp-content\/uploads\/2023\/09\/Votacion-mendoza-2-300x300.jpeg",300,300,true],"cvmm-medium-plus":["https:\/\/lavozdisruptiva.com\/wp-content\/uploads\/2023\/09\/Votacion-mendoza-2-305x207.jpeg",305,207,true],"cvmm-portrait":["https:\/\/lavozdisruptiva.com\/wp-content\/uploads\/2023\/09\/Votacion-mendoza-2-400x600.jpeg",400,600,true],"cvmm-medium-square":["https:\/\/lavozdisruptiva.com\/wp-content\/uploads\/2023\/09\/Votacion-mendoza-2-600x600.jpeg",600,600,true],"cvmm-large":["https:\/\/lavozdisruptiva.com\/wp-content\/uploads\/2023\/09\/Votacion-mendoza-2-1024x675.jpeg",1024,675,true],"cvmm-small":["https:\/\/lavozdisruptiva.com\/wp-content\/uploads\/2023\/09\/Votacion-mendoza-2-130x95.jpeg",130,95,true],"full":["https:\/\/lavozdisruptiva.com\/wp-content\/uploads\/2023\/09\/Votacion-mendoza-2.jpeg",1200,675,false]},"_links":{"self":[{"href":"https:\/\/lavozdisruptiva.com\/index.php\/wp-json\/wp\/v2\/posts\/1764","targetHints":{"allow":["GET"]}}],"collection":[{"href":"https:\/\/lavozdisruptiva.com\/index.php\/wp-json\/wp\/v2\/posts"}],"about":[{"href":"https:\/\/lavozdisruptiva.com\/index.php\/wp-json\/wp\/v2\/types\/post"}],"author":[{"embeddable":true,"href":"https:\/\/lavozdisruptiva.com\/index.php\/wp-json\/wp\/v2\/users\/3"}],"replies":[{"embeddable":true,"href":"https:\/\/lavozdisruptiva.com\/index.php\/wp-json\/wp\/v2\/comments?post=1764"}],"version-history":[{"count":3,"href":"https:\/\/lavozdisruptiva.com\/index.php\/wp-json\/wp\/v2\/posts\/1764\/revisions"}],"predecessor-version":[{"id":1912,"href":"https:\/\/lavozdisruptiva.com\/index.php\/wp-json\/wp\/v2\/posts\/1764\/revisions\/1912"}],"wp:featuredmedia":[{"embeddable":true,"href":"https:\/\/lavozdisruptiva.com\/index.php\/wp-json\/wp\/v2\/media\/1767"}],"wp:attachment":[{"href":"https:\/\/lavozdisruptiva.com\/index.php\/wp-json\/wp\/v2\/media?parent=1764"}],"wp:term":[{"taxonomy":"category","embeddable":true,"href":"https:\/\/lavozdisruptiva.com\/index.php\/wp-json\/wp\/v2\/categories?post=1764"},{"taxonomy":"post_tag","embeddable":true,"href":"https:\/\/lavozdisruptiva.com\/index.php\/wp-json\/wp\/v2\/tags?post=1764"}],"curies":[{"name":"wp","href":"https:\/\/api.w.org\/{rel}","templated":true}]}}