{"id":1726,"date":"2023-09-24T09:58:18","date_gmt":"2023-09-24T12:58:18","guid":{"rendered":"https:\/\/lavozdisruptiva.com\/?p=1726"},"modified":"2023-09-24T09:58:19","modified_gmt":"2023-09-24T12:58:19","slug":"cristina-fernandez-regresa-con-un-mensaje-politico-contundente","status":"publish","type":"post","link":"https:\/\/lavozdisruptiva.com\/index.php\/2023\/09\/24\/cristina-fernandez-regresa-con-un-mensaje-politico-contundente\/","title":{"rendered":"Cristina Fern\u00e1ndez regresa con un mensaje pol\u00edtico contundente."},"content":{"rendered":"\n<p> La reaparici\u00f3n p\u00fablica de la vicepresidenta argentina, Cristina Fern\u00e1ndez, tras dos meses de silencio dej\u00f3 este s\u00e1bado una defensa del candidato oficialista, Sergio Massa, cr\u00edticas a la oposici\u00f3n y al FMI y un \u201cya lo dije\u201d en alusi\u00f3n a los resultados de las elecciones primarias en el pa\u00eds.<\/p>\n\n\n\n<p>Durante casi una hora y media y ante un auditorio de 400 invitados, entre los que estaban miembros del actual Ejecutivo, como el ministro del Interior, Eduardo \u2018Wado\u2019 de Pedro, o el de Obras P\u00fablicas, Gabriel Katopodis, la tambi\u00e9n exmandataria (2007-2015) no mencion\u00f3 la reciente decisi\u00f3n de la Justicia de reabrir dos causas en su contra.<\/p>\n\n\n\n<p>Fern\u00e1ndez ironiz\u00f3 sobre los comentarios acerca de su ausencia de opiniones poselectorales o su apoyo o no al candidato oficialista -con quien hace a\u00f1os estuvo enfrentado- y record\u00f3 que ella fue \u201cuna de las impulsoras de que no hubiera PASO\u201d en la coalici\u00f3n oficialista Uni\u00f3n por la Patria (cuyo nombre sustituye al del gobernante Frente de Todos).<\/p>\n\n\n\n<h2 class=\"wp-block-heading\" id=\"h-el-fmi-impone-planes-inconsistentes\">El FMI \u201cimpone planes inconsistentes\u201d<\/h2>\n\n\n\n<figure class=\"wp-block-image\"><img decoding=\"async\" src=\"https:\/\/efe.com\/wp-content\/uploads\/2023\/09\/ARGENTINA-ELECCIONES-0000.jpg\" alt=\"\" class=\"wp-image-660979\"\/><figcaption class=\"wp-element-caption\">Fotograf\u00eda cedida por Vicepresidencia de Argentina, que muestra a la vicepresidenta Cristina Fern\u00e1ndez durante un acto en Buenos Aires (Argentina). EFE\/Vicepresidencia de Argentina\/<\/figcaption><\/figure>\n\n\n\n<p>Fern\u00e1ndez indic\u00f3 que el Fondo Monetario Internacional (FMI) \u201cimpone planes inconsistentes para el bienestar\u201d de su pa\u00eds, al tiempo que defendi\u00f3 la actitud del actual ministro de Econom\u00eda, Sergio Massa, de \u201chaber dicho a la sociedad la verdad\u201d sobre el organismo.<\/p>\n\n\n\n<p>Fern\u00e1ndez hizo estas declaraciones en un acto celebrado en la Universidad Metropolitana para la Educaci\u00f3n y el Trabajo (UMET), en Buenos Aires, bajo el lema \u201cDe castas, herencias, derrumbes y futuro\u201d, organizado por la Escuela Justicialista que lleva el nombre de su difunto esposo y expresidente N\u00e9stor Kirchner (2003-2007).<\/p>\n\n\n\n<p>La tambi\u00e9n exmandataria (2007-2015) volvi\u00f3 a arremeter contra el Fondo Monetario Internacional (FMI), con el que Argentina acord\u00f3 un programa en 2022 para acometer el pago de una deuda por 45.000 millones de d\u00f3lares contra\u00edda en 2018, durante el Gobierno de Mauricio Macri (2015-2019).<\/p>\n\n\n\n<p>\u201cEl FMI impone planes inconsistentes para el bienestar de Argentina, pero quiz\u00e1 sean muy consistentes para, el d\u00eda de ma\u00f1ana, apoderarse de todos los recursos naturales\u201d, indic\u00f3.<\/p>\n\n\n\n<p>Seg\u00fan la vicepresidenta, la presencia del FMI como \u201cauditor\u201d de la econom\u00eda argentina \u201cimpide poder desarrollar pol\u00edticas que beneficien al conjunto\u201d.<\/p>\n\n\n\n<p>Fuente: EFE<\/p>\n","protected":false},"excerpt":{"rendered":"<p>La reaparici\u00f3n p\u00fablica de la vicepresidenta argentina, Cristina Fern\u00e1ndez, tras dos meses de silencio dej\u00f3 este s\u00e1bado una defensa del candidato oficialista, Sergio Massa, cr\u00edticas a la oposici\u00f3n y al FMI y un \u201cya lo dije\u201d en alusi\u00f3n a los resultados de las elecciones primarias en el pa\u00eds. Durante casi una hora y media y [&hellip;]<\/p>\n","protected":false},"author":2,"featured_media":1727,"comment_status":"closed","ping_status":"open","sticky":false,"template":"","format":"standard","meta":{"footnotes":""},"categories":[4,94,81,39],"tags":[66,40],"class_list":["post-1726","post","type-post","status-publish","format-standard","has-post-thumbnail","hentry","category-economia","category-el-pais","category-nacional","category-politica","tag-economia","tag-politica"],"blog_post_layout_featured_media_urls":{"thumbnail":["https:\/\/lavozdisruptiva.com\/wp-content\/uploads\/2023\/09\/cristina_kirchner_crop1695220892652.jpg_1402874324-150x150.webp",150,150,true],"full":["https:\/\/lavozdisruptiva.com\/wp-content\/uploads\/2023\/09\/cristina_kirchner_crop1695220892652.jpg_1402874324.webp",1200,675,false]},"categories_names":{"4":{"name":"Econom\u00eda","link":"https:\/\/lavozdisruptiva.com\/index.php\/category\/economia\/"},"94":{"name":"El Pais","link":"https:\/\/lavozdisruptiva.com\/index.php\/category\/el-pais\/"},"81":{"name":"Nacional","link":"https:\/\/lavozdisruptiva.com\/index.php\/category\/nacional\/"},"39":{"name":"Pol\u00edtica","link":"https:\/\/lavozdisruptiva.com\/index.php\/category\/politica\/"}},"tags_names":{"66":{"name":"Econom\u00eda","link":"https:\/\/lavozdisruptiva.com\/index.php\/tag\/economia\/"},"40":{"name":"Pol\u00edtica","link":"https:\/\/lavozdisruptiva.com\/index.php\/tag\/politica\/"}},"comments_number":"0","wpmagazine_modules_lite_featured_media_urls":{"thumbnail":["https:\/\/lavozdisruptiva.com\/wp-content\/uploads\/2023\/09\/cristina_kirchner_crop1695220892652.jpg_1402874324-150x150.webp",150,150,true],"cvmm-medium":["https:\/\/lavozdisruptiva.com\/wp-content\/uploads\/2023\/09\/cristina_kirchner_crop1695220892652.jpg_1402874324-300x300.webp",300,300,true],"cvmm-medium-plus":["https:\/\/lavozdisruptiva.com\/wp-content\/uploads\/2023\/09\/cristina_kirchner_crop1695220892652.jpg_1402874324-305x207.webp",305,207,true],"cvmm-portrait":["https:\/\/lavozdisruptiva.com\/wp-content\/uploads\/2023\/09\/cristina_kirchner_crop1695220892652.jpg_1402874324-400x600.webp",400,600,true],"cvmm-medium-square":["https:\/\/lavozdisruptiva.com\/wp-content\/uploads\/2023\/09\/cristina_kirchner_crop1695220892652.jpg_1402874324-600x600.webp",600,600,true],"cvmm-large":["https:\/\/lavozdisruptiva.com\/wp-content\/uploads\/2023\/09\/cristina_kirchner_crop1695220892652.jpg_1402874324-1024x675.webp",1024,675,true],"cvmm-small":["https:\/\/lavozdisruptiva.com\/wp-content\/uploads\/2023\/09\/cristina_kirchner_crop1695220892652.jpg_1402874324-130x95.webp",130,95,true],"full":["https:\/\/lavozdisruptiva.com\/wp-content\/uploads\/2023\/09\/cristina_kirchner_crop1695220892652.jpg_1402874324.webp",1200,675,false]},"_links":{"self":[{"href":"https:\/\/lavozdisruptiva.com\/index.php\/wp-json\/wp\/v2\/posts\/1726","targetHints":{"allow":["GET"]}}],"collection":[{"href":"https:\/\/lavozdisruptiva.com\/index.php\/wp-json\/wp\/v2\/posts"}],"about":[{"href":"https:\/\/lavozdisruptiva.com\/index.php\/wp-json\/wp\/v2\/types\/post"}],"author":[{"embeddable":true,"href":"https:\/\/lavozdisruptiva.com\/index.php\/wp-json\/wp\/v2\/users\/2"}],"replies":[{"embeddable":true,"href":"https:\/\/lavozdisruptiva.com\/index.php\/wp-json\/wp\/v2\/comments?post=1726"}],"version-history":[{"count":1,"href":"https:\/\/lavozdisruptiva.com\/index.php\/wp-json\/wp\/v2\/posts\/1726\/revisions"}],"predecessor-version":[{"id":1728,"href":"https:\/\/lavozdisruptiva.com\/index.php\/wp-json\/wp\/v2\/posts\/1726\/revisions\/1728"}],"wp:featuredmedia":[{"embeddable":true,"href":"https:\/\/lavozdisruptiva.com\/index.php\/wp-json\/wp\/v2\/media\/1727"}],"wp:attachment":[{"href":"https:\/\/lavozdisruptiva.com\/index.php\/wp-json\/wp\/v2\/media?parent=1726"}],"wp:term":[{"taxonomy":"category","embeddable":true,"href":"https:\/\/lavozdisruptiva.com\/index.php\/wp-json\/wp\/v2\/categories?post=1726"},{"taxonomy":"post_tag","embeddable":true,"href":"https:\/\/lavozdisruptiva.com\/index.php\/wp-json\/wp\/v2\/tags?post=1726"}],"curies":[{"name":"wp","href":"https:\/\/api.w.org\/{rel}","templated":true}]}}