{"id":1514,"date":"2023-09-11T19:31:26","date_gmt":"2023-09-11T22:31:26","guid":{"rendered":"https:\/\/lavozdisruptiva.com\/?p=1514"},"modified":"2023-09-11T19:31:28","modified_gmt":"2023-09-11T22:31:28","slug":"humor-politico-y-de-una-costilla-de-cristina-dios-creo-a-milei","status":"publish","type":"post","link":"https:\/\/lavozdisruptiva.com\/index.php\/2023\/09\/11\/humor-politico-y-de-una-costilla-de-cristina-dios-creo-a-milei\/","title":{"rendered":"HUMOR POLITICO: Y DE UNA COSTILLA DE CRISTINA, DIOS CRE\u00d3 A MILEI"},"content":{"rendered":"\n<p class=\"has-medium-font-size\">Los dos gritan, act\u00faan, dicen que van por todo y acusan a los medios. La diferencia entre los dirigentes de Cristina y los de Mieli es que los \u00faltimos no niegan su pasado menemista<\/p>\n\n\n\n<p class=\"has-small-font-size\">Para Clarin por Alejandro Borensztein<\/p>\n\n\n\n<p class=\"has-medium-font-size\">Antes que nada, corresponde aclarar que Kicillof no es c\u00f3mplice del<a rel=\"noreferrer noopener\" href=\"https:\/\/www.clarin.com\/opinion\/topo-alberto-hora-gloriosa_0_Snixh38oGi.html\" target=\"_blank\">\u00a0Topo Alberto en su plan para destrozar al kirchnerismo<\/a>. Lo hecho por el entonces ministro de econom\u00eda con la estatizaci\u00f3n de YPF es anterior a la idea de la<strong>\u00a0operaci\u00f3n Caballo de Troya<\/strong>\u00a0que infiltr\u00f3 a Alberto en la f\u00f3rmula presidencial de 2019 para destrozarlos. No hay que confundir el sofisticado proyecto de destrucci\u00f3n pol\u00edtica liderado por un distinto con<strong>\u00a0la mala praxis de un in\u00fatil.\u00a0<\/strong>Son diferentes talentos, aunque ambos hayan terminado sirviendo al mismo objetivo.<\/p>\n\n\n\n<p class=\"has-medium-font-size\">Aclarado el punto, ampliemos el episodio y conectemos estas locuras del pasado con las del presente.<\/p>\n\n\n\n<p class=\"has-medium-font-size\">La mayor\u00eda de los turistas que visitan el exclusivo resort de Canc\u00fan donde est\u00e1n alojados Cristina y M\u00e1ximo, no deben entender la raz\u00f3n por la que la Vicepresidenta y el jefe de La C\u00e1mpora est\u00e1n organizando un fiest\u00f3n en la playa.<\/p>\n\n\n\n<p class=\"has-medium-font-size\">Se supone que ambos est\u00e1n all\u00ed escondidos, sin dar la cara, a la espera de que esta racha negativa que atraviesa el kirchnerismo termine de una buena vez. Como viene la mano se van a tener que quedar en Canc\u00fan. Fracasaron en el gobierno, les fue otra vez mal en las elecciones y encima esta semana les&nbsp;<a href=\"https:\/\/www.clarin.com\/politica\/salida-jueza-ana-figueroa-despeja-camino-salgan-fallos-preocupan-cristina-kirchner_0_GISMnTiCRY.html\" target=\"_blank\" rel=\"noreferrer noopener\">jubilaron a la jueza que los iba a ayudar en Tribunales.<\/a><\/p>\n\n\n\n<p class=\"has-medium-font-size\">Sin embargo, la vida siempre da motivos para festejar. Es solo cuesti\u00f3n de mirar bien y se entender\u00e1 la raz\u00f3n de la fiesta. Veamos.<\/p>\n\n\n\n<p class=\"has-medium-font-size\">La justicia de EE.UU. conden\u00f3 a la Argentina a pagar 16.000 palos verdes por la mala praxis de Cristina y Kicillof en la reestatizaci\u00f3n de YPF (siempre recordemos que hab\u00eda sido privatizada en los 90 por ellos mismos). La guita la va a cobrar el Fondo Burford a quien el Grupo Eskenazi, que es el accionista perjudicado por la medida del gobierno kirchnerista, le cedi\u00f3 el derecho a litigar contra nuestro pa\u00eds.<strong>\u00a0Hay gente que cede cosas gratis. No ser\u00eda el caso.<\/strong><\/p>\n\n\n\n<figure class=\"wp-block-image size-large\"><img loading=\"lazy\" decoding=\"async\" width=\"1024\" height=\"576\" src=\"https:\/\/lavozdisruptiva.com\/wp-content\/uploads\/2023\/09\/kicillof-y-cristina-1024x576.jpeg\" alt=\"\" class=\"wp-image-1518\" srcset=\"https:\/\/lavozdisruptiva.com\/wp-content\/uploads\/2023\/09\/kicillof-y-cristina-1024x576.jpeg 1024w, https:\/\/lavozdisruptiva.com\/wp-content\/uploads\/2023\/09\/kicillof-y-cristina-300x169.jpeg 300w, https:\/\/lavozdisruptiva.com\/wp-content\/uploads\/2023\/09\/kicillof-y-cristina-768x432.jpeg 768w, https:\/\/lavozdisruptiva.com\/wp-content\/uploads\/2023\/09\/kicillof-y-cristina.jpeg 1099w\" sizes=\"auto, (max-width: 1024px) 100vw, 1024px\" \/><\/figure>\n\n\n\n<p class=\"has-medium-font-size\">\u00bfA cambio de que porcentaje los Eskenazi le cedieron a Burford el derecho al juicio? \u00bfPor el 50% de lo obtenido? \u00bfEl 30%? Nadie lo sabe. Si tan solo fuera a cambio del 25% de lo que consiguieran en los tribunales neoyorkinos, esta gente recibir\u00eda<strong>&nbsp;unos 4.000 palos verdes que pagaremos todos nosotros<\/strong>. Felicitaciones.<\/p>\n\n\n\n<p class=\"has-medium-font-size\">Las malas lenguas sostienen que los Eskenazi fueron<strong>&nbsp;testaferros de los Kirchner en la operaci\u00f3n de YPF<\/strong>&nbsp;y que, a la muerte de N\u00e9stor, se hicieron los boludos, como suelen hacer todos los testaferros. \u00bfSer\u00e1 tan as\u00ed? Nahhhh. Solo unos gorilas mal pensados podr\u00edan imaginar que los due\u00f1os del Banco de Santa Cruz har\u00edan semejante cosa. Descartemos.<\/p>\n\n\n\n<p class=\"has-medium-font-size\">En cambio, lo que s\u00ed sabemos todos es que los Eskenazi compraron el 25% del paquete accionario de YPF gracias a que N\u00e9stor presion\u00f3 a la espa\u00f1ola Repsol para que venda y acepte que le paguen con los mismos dividendos que daba la compa\u00f1\u00eda. O sea,\u00a0<strong>los Eskenazi le compraron a Repsol con la guita de Repsol<\/strong>. Ante tanta generosidad de los Kirchner para con los Eskenazi, es obvio que ahora lo menos que Ella se merece es un flor de regalo.<\/p>\n\n\n\n<p class=\"has-medium-font-size\">\u00bfAlcanzar\u00eda con un Rolex de oro y brillantes? No, eso ya tenemos. Adem\u00e1s no creo que los Eskenazi sean tan desagradecidos. Con solo regalarle el 1% sobre el 25% que eventualmente cobrar\u00edan, Cristina recibir\u00eda unos 40 palos verdes. Siempre y cuando no sea cierto lo del testaferro, en cuyo caso la cifra que cobrar\u00eda Ella ser\u00eda otra muy distinta y la par\u00e1bola pol\u00edtica ser\u00eda incre\u00edble.&nbsp;<strong>Como para no hacer un fiest\u00f3n maya. \u00bfHola, qu\u00e9 tal?<\/strong><\/p>\n\n\n\n<p class=\"has-medium-font-size\">Adem\u00e1s de festejar, se sabe que Cristina y M\u00e1ximo siguen debatiendo en Canc\u00fan los planes a seguir. Entre mojito y chapuz\u00f3n, discuten si el eventual quinto gobierno kirchnerista seguir\u00e1 negociando con el FMI como pide Massa o romper\u00e1 relaciones como exige M\u00e1ximo. Todav\u00eda no decidieron si en materia de seguridad<strong>&nbsp;continuar\u00e1 la doctrina Zaffaroni de liberar a los delincuentes o pasar\u00e1n al plan Berni de fusilarlos.&nbsp;<\/strong>Analizan si van a bajar la inflaci\u00f3n con un plan de precios m\u00e1ximos, precios cuidados, precios justos, precios preciosos o alg\u00fan otro hit.<\/p>\n\n\n\n<p class=\"has-medium-font-size\">Tampoco hay definiciones sobre la posici\u00f3n internacional que sostendr\u00e1n en caso de conservar el poder. No saben si alinearse con EEUU como quiere Massa, ser la puerta de entrada de Rusia en Latinoam\u00e9rica como dijo Alberto o seguir el modelo de China como explic\u00f3 Cristina en una de sus \u00faltimas apariciones.&nbsp;<strong>Dudas que ni el tequila ni los tacos ni los mariachis ayudan a resolver.<\/strong><\/p>\n\n\n\n<p class=\"has-medium-font-size\">En cualquier caso, est\u00e1 decidido que la militancia deber\u00e1 confiar en su jefa espiritual y votar por Massa, aunque nadie haya explicado cu\u00e1l va a ser el plan de gobierno.\u00a0<em><strong>\u201cVotalo porque se viene la derecha\u201d<\/strong><\/em>, dicen apelando al coraz\u00f3n y al voto emocional. Despu\u00e9s vemos qu\u00e9 hacemos. La idea, como siempre, es lograr la continuidad de Cristina, Alberto, Massa y Cerruti. Porque s\u00ed. Porque lo pide Ella.<strong>\u00a0Por Per\u00f3n, carajo.<\/strong><\/p>\n\n\n\n<p class=\"has-medium-font-size\">Obviamente, lo m\u00e1s angustiante para la militancia no es sentir que est\u00e1n obligados a votar por Sergio Massa, al fin y al cabo despu\u00e9s de votar a Scioli y Alberto ya est\u00e1n acostumbrados, sino la p\u00e9rdida de votos que sufre el kirchnerismo a manos del Le\u00f3n.<\/p>\n\n\n\n<p class=\"has-medium-font-size\">Estaban preparados para perder contra Bullrich o Larreta pero no para ver a\u00a0<strong>millones de peronistas votando por Milei<\/strong>. Eso los enloquece. <strong>\u00bfC\u00f3mo puede ser que un gobierno tan revolucionario y progresista como el de Cristina, Capitanich y Emerenciano pueda desembocar en un gobierno de Milei y Villaruel?<\/strong> En realidad, la pregunta es al rev\u00e9s. \u00bfC\u00f3mo no iba a terminar en eso?<\/p>\n\n\n\n<p class=\"has-medium-font-size\"><strong>Se pasaron 20 a\u00f1os reivindicando a Firmenich y ahora se horrorizan porque Victoria Villarruel los pone contra las cuerdas<\/strong>. Hicieron lo que ya sabemos con YPF y se asombran de que les gane Milei diciendo que va a vender YPF. \u00bfQu\u00e9 parte no entender\u00e1 esta gente?<\/p>\n\n\n\n<p class=\"has-medium-font-size\">Tanto como para mitigar la angustia del militante, tal vez deber\u00edan pensar que<strong>&nbsp;Milei es la continuidad de Cristina por otros medios&nbsp;<\/strong>y que si se diera la llegada del Le\u00f3n a la Rosada no la extra\u00f1ar\u00edan demasiado.<\/p>\n\n\n\n<p class=\"has-medium-font-size\"><strong>Los dos gritan. Los dos act\u00faan. Los dos dicen que van por todo<\/strong>. <strong>Los dos demuestran poco respeto por las instituciones. Los dos se la pasan insultando a los medios y a los periodistas.<\/strong><\/p>\n\n\n\n<p class=\"has-medium-font-size\">Faltan cinco minutos para que Milei empiece a hablar de&nbsp;<em>\u201clos esbirros de los medios hegem\u00f3nicos\u201d<\/em>&nbsp;y no va a pasar mucho tiempo hasta que veamos columnas de j\u00f3venes con banderas del Le\u00f3n cantando contra los periodistas, como hace La C\u00e1mpora.<\/p>\n\n\n\n<p class=\"has-medium-font-size\"><strong>Milei dice admirar a Trump. Cristina no lo dice pero act\u00faa del mismo modo que el magnate rubio. Por ejemplo, neg\u00e1ndose a entregar el gobierno. El<em>\u00a0\u201cViva Per\u00f3n, carajo\u201d<\/em>\u00a0no suena muy distinto al\u00a0<em>\u201cViva La Libertad, carajo\u201d.<\/em><\/strong><\/p>\n\n\n\n<p class=\"has-medium-font-size\">Tambi\u00e9n es obvio que pronto veremos j\u00f3venes fan\u00e1ticos con un tatuaje del Le\u00f3n en los b\u00edceps, como los fan\u00e1ticos que tienen tatuados a N\u00e9stor y Cristina. Estas cosas en Juntos por el Cambio no se ven.\u00a0<strong>Dif\u00edcil excitarse con una mina que al sacarse la remera tenga un tatuaje de Mario Negri.<\/strong><\/p>\n\n\n\n<p class=\"has-medium-font-size\">Hay una sutil diferencia entre los funcionarios de los gobiernos kirchneristas y los dirigentes que rodean a Milei:<strong>&nbsp;los de Milei no niegan su pasado menemista.<\/strong><\/p>\n\n\n\n<p class=\"has-medium-font-size\">En el medio de esta locura que parece sucederse sin soluci\u00f3n de continuidad, solo queda Bullrich como&nbsp;<strong>\u00faltimo recurso m\u00e1s o menos racional<\/strong>. A la buena de Dios. Al lado de Melconian y ninguneada por Macri a quien le atribuyen cierta preferencia por Milei. El escenario menos pensado.<\/p>\n\n\n\n<p class=\"has-medium-font-size\">De no mediar otra cosa, all\u00e1 iremos. Rumbo a la dimensi\u00f3n desconocida donde nos espera la estrafalaria y fellinesca imagen de un tipo que, al igual que los kirchneristas que juran por N\u00e9stor y Cristina, asumir\u00e1 la presidencia jurando por&nbsp;<strong>Dios Nuestro Se\u00f1or y sus cuatro perros.<\/strong><\/p>\n\n\n\n<p class=\"has-medium-font-size\">Afuera, en la Plaza de Mayo, habr\u00e1 multitudes<strong>&nbsp;agitando banderas negras con leones amarillos estampados. Es una de Harry Potter.<\/strong><\/p>\n\n\n\n<p class=\"has-medium-font-size\">Parece joda pero no lo es.<\/p>\n\n\n\n<p class=\"has-medium-font-size\">Fuente: Identidad Correntina<\/p>\n","protected":false},"excerpt":{"rendered":"<p>Los dos gritan, act\u00faan, dicen que van por todo y acusan a los medios. La diferencia entre los dirigentes de Cristina y los de Mieli es que los \u00faltimos no niegan su pasado menemista Para Clarin por Alejandro Borensztein Antes que nada, corresponde aclarar que Kicillof no es c\u00f3mplice del\u00a0Topo Alberto en su plan para [&hellip;]<\/p>\n","protected":false},"author":3,"featured_media":1516,"comment_status":"closed","ping_status":"open","sticky":false,"template":"","format":"standard","meta":{"footnotes":""},"categories":[221,39],"tags":[131,222,223],"class_list":["post-1514","post","type-post","status-publish","format-standard","has-post-thumbnail","hentry","category-humor-disruptivo","category-politica","tag-cristina-kichner","tag-kiciloff","tag-ypf"],"blog_post_layout_featured_media_urls":{"thumbnail":["https:\/\/lavozdisruptiva.com\/wp-content\/uploads\/2023\/09\/Cristina-y-Milei-150x150.jpeg",150,150,true],"full":["https:\/\/lavozdisruptiva.com\/wp-content\/uploads\/2023\/09\/Cristina-y-Milei.jpeg",1000,493,false]},"categories_names":{"221":{"name":"Humor Disruptivo","link":"https:\/\/lavozdisruptiva.com\/index.php\/category\/humor-disruptivo\/"},"39":{"name":"Pol\u00edtica","link":"https:\/\/lavozdisruptiva.com\/index.php\/category\/politica\/"}},"tags_names":{"131":{"name":"Cristina Kichner","link":"https:\/\/lavozdisruptiva.com\/index.php\/tag\/cristina-kichner\/"},"222":{"name":"Kiciloff","link":"https:\/\/lavozdisruptiva.com\/index.php\/tag\/kiciloff\/"},"223":{"name":"YPF","link":"https:\/\/lavozdisruptiva.com\/index.php\/tag\/ypf\/"}},"comments_number":"0","wpmagazine_modules_lite_featured_media_urls":{"thumbnail":["https:\/\/lavozdisruptiva.com\/wp-content\/uploads\/2023\/09\/Cristina-y-Milei-150x150.jpeg",150,150,true],"cvmm-medium":["https:\/\/lavozdisruptiva.com\/wp-content\/uploads\/2023\/09\/Cristina-y-Milei-300x300.jpeg",300,300,true],"cvmm-medium-plus":["https:\/\/lavozdisruptiva.com\/wp-content\/uploads\/2023\/09\/Cristina-y-Milei-305x207.jpeg",305,207,true],"cvmm-portrait":["https:\/\/lavozdisruptiva.com\/wp-content\/uploads\/2023\/09\/Cristina-y-Milei-400x493.jpeg",400,493,true],"cvmm-medium-square":["https:\/\/lavozdisruptiva.com\/wp-content\/uploads\/2023\/09\/Cristina-y-Milei-600x493.jpeg",600,493,true],"cvmm-large":["https:\/\/lavozdisruptiva.com\/wp-content\/uploads\/2023\/09\/Cristina-y-Milei.jpeg",1000,493,false],"cvmm-small":["https:\/\/lavozdisruptiva.com\/wp-content\/uploads\/2023\/09\/Cristina-y-Milei-130x95.jpeg",130,95,true],"full":["https:\/\/lavozdisruptiva.com\/wp-content\/uploads\/2023\/09\/Cristina-y-Milei.jpeg",1000,493,false]},"_links":{"self":[{"href":"https:\/\/lavozdisruptiva.com\/index.php\/wp-json\/wp\/v2\/posts\/1514","targetHints":{"allow":["GET"]}}],"collection":[{"href":"https:\/\/lavozdisruptiva.com\/index.php\/wp-json\/wp\/v2\/posts"}],"about":[{"href":"https:\/\/lavozdisruptiva.com\/index.php\/wp-json\/wp\/v2\/types\/post"}],"author":[{"embeddable":true,"href":"https:\/\/lavozdisruptiva.com\/index.php\/wp-json\/wp\/v2\/users\/3"}],"replies":[{"embeddable":true,"href":"https:\/\/lavozdisruptiva.com\/index.php\/wp-json\/wp\/v2\/comments?post=1514"}],"version-history":[{"count":5,"href":"https:\/\/lavozdisruptiva.com\/index.php\/wp-json\/wp\/v2\/posts\/1514\/revisions"}],"predecessor-version":[{"id":1521,"href":"https:\/\/lavozdisruptiva.com\/index.php\/wp-json\/wp\/v2\/posts\/1514\/revisions\/1521"}],"wp:featuredmedia":[{"embeddable":true,"href":"https:\/\/lavozdisruptiva.com\/index.php\/wp-json\/wp\/v2\/media\/1516"}],"wp:attachment":[{"href":"https:\/\/lavozdisruptiva.com\/index.php\/wp-json\/wp\/v2\/media?parent=1514"}],"wp:term":[{"taxonomy":"category","embeddable":true,"href":"https:\/\/lavozdisruptiva.com\/index.php\/wp-json\/wp\/v2\/categories?post=1514"},{"taxonomy":"post_tag","embeddable":true,"href":"https:\/\/lavozdisruptiva.com\/index.php\/wp-json\/wp\/v2\/tags?post=1514"}],"curies":[{"name":"wp","href":"https:\/\/api.w.org\/{rel}","templated":true}]}}