{"id":1424,"date":"2023-09-06T09:25:10","date_gmt":"2023-09-06T12:25:10","guid":{"rendered":"https:\/\/lavozdisruptiva.com\/?p=1424"},"modified":"2023-09-06T09:25:11","modified_gmt":"2023-09-06T12:25:11","slug":"el-principal-sospechoso-del-crimen-de-barbieri-habia-sido-detenido-14-veces","status":"publish","type":"post","link":"https:\/\/lavozdisruptiva.com\/index.php\/2023\/09\/06\/el-principal-sospechoso-del-crimen-de-barbieri-habia-sido-detenido-14-veces\/","title":{"rendered":"El principal sospechoso del crimen de Barbieri hab\u00eda sido detenido 14 veces"},"content":{"rendered":"\n<p class=\"has-medium-font-size\">En su \u00faltima detenci\u00f3n, Isa\u00edas Jos\u00e9 Su\u00e1rez, de 29 a\u00f1os,\u00a0hab\u00eda estado preso hasta mediados de junio pasado en el Penal de Marcos Paz por un caso de violencia de genero, y un juez penal, contravencional y de faltas porte\u00f1o le otorg\u00f3 la libertad.<\/p>\n\n\n\n<p class=\"has-medium-font-size\">El joven de 29 a\u00f1os detenido como principal sospechoso del crimen del ingeniero civil Mariano Barbieri, asesinado de una pu\u00f1alada en el pecho el pasado mi\u00e9rcoles en los bosques de Palermo,&nbsp;<strong>hab\u00eda estado preso hasta mediados de junio pasado en el Penal de Marcos Paz por un caso de violencia de genero, cuando un juez penal, contravencional y de faltas porte\u00f1o<\/strong>&nbsp;le otorg\u00f3 la excarcelaci\u00f3n.<\/p>\n\n\n\n<p class=\"has-medium-font-size\">Se trata de Isa\u00edas Jos\u00e9 Su\u00e1rez, de 29 a\u00f1os, quien de acuerdo a los antecedentes que cuentan en su legajo judicial,<strong>&nbsp;estuvo al menos detenido 14 veces y contaba con cuatro condenas desde el 2012, la \u00faltima cumplida hasta el 13 de junio \u00faltimo<\/strong>, cuando fue liberado por decisi\u00f3n del juzgado de 1a.instancia en lo Penal, Contravencional y de Faltas n\u00famero 31 porte\u00f1o en el marco de una causa de &#8220;lesiones leves&#8221;.<\/p>\n\n\n\n<p class=\"has-medium-font-size\">Su\u00e1rez (29),&nbsp;<a href=\"https:\/\/www.telam.com.ar\/notas\/202309\/639166-crimen-barbieri-palermo-detenido-sospechoso.html\" target=\"_blank\" rel=\"noreferrer noopener\">un hombre en situaci\u00f3n de calle que fue detenido el lunes en el Barrio 31 de Retiro por personal de la Divisi\u00f3n Antidrogas Norte y de la Divisi\u00f3n Homicidios de la Polic\u00eda de la Ciudad tras un allanamiento<\/a>&nbsp;y qued\u00f3 imputado por el homicidio del ingeniero, por el que ser\u00e1 indagado en las pr\u00f3ximas horas por la jueza Yamile Susana Bernan, titular del Juzgado Nacional en lo Criminal y Correccional 8.<\/p>\n\n\n\n<p class=\"has-medium-font-size\">Seg\u00fan las fuentes de la investigaci\u00f3n, S<strong>u\u00e1rez tiene v\u00ednculos con el delito desde hace al menos 11 a\u00f1os: ten\u00eda 14 detenciones todas ellas relacionadas a casos de robos y hurtos, algunos de ellos a mano armada, cometidos en la Ciudad de Buenos Aires y en el conurbano bonaerense y recibi\u00f3 4 condenas desde el 2012<\/strong>.<\/p>\n\n\n\n<figure class=\"wp-block-image\"><a href=\"javascript:void(0);\"><img decoding=\"async\" src=\"https:\/\/www.telam.com.ar\/thumbs\/bluesteel\/advf\/imagenes\/2023\/08\/64f091bf87cb4_1200.jpg\" alt=\"El cuchillo que habra usado Surez para asesinar a Barbieri Foto Daniel Dabove\"\/><\/a><figcaption class=\"wp-element-caption\">El cuchillo que habr\u00eda usado Su\u00e1rez para asesinar a Barbieri \/ Foto Daniel Dabove.<\/figcaption><\/figure>\n\n\n\n<p class=\"has-medium-font-size\">Una de las sentencias fue dictada en marzo de 2022, cuando a Su\u00e1rez le dieron siete meses de prisi\u00f3n de cumplimiento efectivo como autor de un caso de \u201ctentativa de robo\u201d y en el mismo fallo lo declararon \u201creincidente\u201d.<\/p>\n\n\n\n<p>Por esa causa,<strong>&nbsp;estuvo detenido entre junio y diciembre del a\u00f1o pasado, cuando recuper\u00f3 su libertad<\/strong>, dijeron las fuentes.<\/p>\n\n\n\n<p class=\"has-medium-font-size\">Pero luego qued\u00f3 nuevamente detenido en el marco de una causa por lesiones en el marco de violencia de g\u00e9nero que tuvo como v\u00edctima su entonces pareja, y fue alojado en el Complejo Penitenciario Federal 2 de Marcos Paz.<\/p>\n\n\n\n<p class=\"has-medium-font-size\">El 12 de junio \u00faltimo se fijo la condena en un juicio abreviado de seis meses de prisi\u00f3n, por lo que al tener cumplida la condena, el 13 de junio fue liberado por el juzgado de 1a.instancia en lo Penal, Contravencional y de Faltas n\u00famero 31 porte\u00f1o.<\/p>\n\n\n\n<p class=\"has-medium-font-size\">A su vez, en junio qued\u00f3 firme el procesamiento dictado en abril de este a\u00f1o por el Juzgado Federal en lo Criminal y Correccional 3 de Mor\u00f3n por el delito de \u201cda\u00f1o agravado\u201d.<\/p>\n\n\n\n<p class=\"has-medium-font-size\">Si bien los pesquisas establecieron que Su\u00e1rez ten\u00eda como \u00faltimo domicilio fijo la localidad de Gran Bourg, partido de Malvinas Argentinas, el trabajo de campo realizado por<strong>\u00a0los detectives de la Polic\u00eda de la Ciudad establecieron que en los \u00faltimos tiempos &#8220;rancheaba&#8221; con grupos de cartoneros en los alrededores de la Villa 31 de Retiro<\/strong>.<\/p>\n\n\n\n<p>Fuente. Telam<\/p>\n","protected":false},"excerpt":{"rendered":"<p>En su \u00faltima detenci\u00f3n, Isa\u00edas Jos\u00e9 Su\u00e1rez, de 29 a\u00f1os,\u00a0hab\u00eda estado preso hasta mediados de junio pasado en el Penal de Marcos Paz por un caso de violencia de genero, y un juez penal, contravencional y de faltas porte\u00f1o le otorg\u00f3 la libertad. El joven de 29 a\u00f1os detenido como principal sospechoso del crimen del [&hellip;]<\/p>\n","protected":false},"author":2,"featured_media":1425,"comment_status":"closed","ping_status":"open","sticky":false,"template":"","format":"standard","meta":{"footnotes":""},"categories":[94,81,6,48],"tags":[206],"class_list":["post-1424","post","type-post","status-publish","format-standard","has-post-thumbnail","hentry","category-el-pais","category-nacional","category-noticias","category-policiales","tag-villa-31"],"blog_post_layout_featured_media_urls":{"thumbnail":["https:\/\/lavozdisruptiva.com\/wp-content\/uploads\/2023\/09\/64f777c45a516_1200-150x150.jpg",150,150,true],"full":["https:\/\/lavozdisruptiva.com\/wp-content\/uploads\/2023\/09\/64f777c45a516_1200.jpg",1200,675,false]},"categories_names":{"94":{"name":"El Pais","link":"https:\/\/lavozdisruptiva.com\/index.php\/category\/el-pais\/"},"81":{"name":"Nacional","link":"https:\/\/lavozdisruptiva.com\/index.php\/category\/nacional\/"},"6":{"name":"Noticias","link":"https:\/\/lavozdisruptiva.com\/index.php\/category\/noticias\/"},"48":{"name":"Policiales","link":"https:\/\/lavozdisruptiva.com\/index.php\/category\/policiales\/"}},"tags_names":{"206":{"name":"Villa 31","link":"https:\/\/lavozdisruptiva.com\/index.php\/tag\/villa-31\/"}},"comments_number":"0","wpmagazine_modules_lite_featured_media_urls":{"thumbnail":["https:\/\/lavozdisruptiva.com\/wp-content\/uploads\/2023\/09\/64f777c45a516_1200-150x150.jpg",150,150,true],"cvmm-medium":["https:\/\/lavozdisruptiva.com\/wp-content\/uploads\/2023\/09\/64f777c45a516_1200-300x300.jpg",300,300,true],"cvmm-medium-plus":["https:\/\/lavozdisruptiva.com\/wp-content\/uploads\/2023\/09\/64f777c45a516_1200-305x207.jpg",305,207,true],"cvmm-portrait":["https:\/\/lavozdisruptiva.com\/wp-content\/uploads\/2023\/09\/64f777c45a516_1200-400x600.jpg",400,600,true],"cvmm-medium-square":["https:\/\/lavozdisruptiva.com\/wp-content\/uploads\/2023\/09\/64f777c45a516_1200-600x600.jpg",600,600,true],"cvmm-large":["https:\/\/lavozdisruptiva.com\/wp-content\/uploads\/2023\/09\/64f777c45a516_1200-1024x675.jpg",1024,675,true],"cvmm-small":["https:\/\/lavozdisruptiva.com\/wp-content\/uploads\/2023\/09\/64f777c45a516_1200-130x95.jpg",130,95,true],"full":["https:\/\/lavozdisruptiva.com\/wp-content\/uploads\/2023\/09\/64f777c45a516_1200.jpg",1200,675,false]},"_links":{"self":[{"href":"https:\/\/lavozdisruptiva.com\/index.php\/wp-json\/wp\/v2\/posts\/1424","targetHints":{"allow":["GET"]}}],"collection":[{"href":"https:\/\/lavozdisruptiva.com\/index.php\/wp-json\/wp\/v2\/posts"}],"about":[{"href":"https:\/\/lavozdisruptiva.com\/index.php\/wp-json\/wp\/v2\/types\/post"}],"author":[{"embeddable":true,"href":"https:\/\/lavozdisruptiva.com\/index.php\/wp-json\/wp\/v2\/users\/2"}],"replies":[{"embeddable":true,"href":"https:\/\/lavozdisruptiva.com\/index.php\/wp-json\/wp\/v2\/comments?post=1424"}],"version-history":[{"count":1,"href":"https:\/\/lavozdisruptiva.com\/index.php\/wp-json\/wp\/v2\/posts\/1424\/revisions"}],"predecessor-version":[{"id":1426,"href":"https:\/\/lavozdisruptiva.com\/index.php\/wp-json\/wp\/v2\/posts\/1424\/revisions\/1426"}],"wp:featuredmedia":[{"embeddable":true,"href":"https:\/\/lavozdisruptiva.com\/index.php\/wp-json\/wp\/v2\/media\/1425"}],"wp:attachment":[{"href":"https:\/\/lavozdisruptiva.com\/index.php\/wp-json\/wp\/v2\/media?parent=1424"}],"wp:term":[{"taxonomy":"category","embeddable":true,"href":"https:\/\/lavozdisruptiva.com\/index.php\/wp-json\/wp\/v2\/categories?post=1424"},{"taxonomy":"post_tag","embeddable":true,"href":"https:\/\/lavozdisruptiva.com\/index.php\/wp-json\/wp\/v2\/tags?post=1424"}],"curies":[{"name":"wp","href":"https:\/\/api.w.org\/{rel}","templated":true}]}}