{"id":1258,"date":"2023-08-30T15:32:06","date_gmt":"2023-08-30T18:32:06","guid":{"rendered":"https:\/\/lavozdisruptiva.com\/?p=1258"},"modified":"2023-08-30T15:32:08","modified_gmt":"2023-08-30T18:32:08","slug":"alberto-fernandez-exhorto-a-empresarios-y-gobernadores-a-pagar-el-bono","status":"publish","type":"post","link":"https:\/\/lavozdisruptiva.com\/index.php\/2023\/08\/30\/alberto-fernandez-exhorto-a-empresarios-y-gobernadores-a-pagar-el-bono\/","title":{"rendered":"Alberto Fern\u00e1ndez exhort\u00f3 a empresarios y gobernadores a pagar el bono"},"content":{"rendered":"\n<h2 class=\"wp-block-heading has-medium-font-size\">El Presidente inaugur\u00f3 obras p\u00fablicas desde Catamarca, en donde pidi\u00f3 que se abone la suma fija dispuesta por Econom\u00eda para asalariados.<\/h2>\n\n\n\n<p class=\"has-medium-font-size\"><strong>El presidente&nbsp;Alberto Fern\u00e1ndez&nbsp;reclam\u00f3 a&nbsp;empresarios&nbsp;y&nbsp;<a rel=\"noreferrer noopener\" href=\"https:\/\/www.ambito.com\/economia\/bono-tres-provincias-ya-confirmaron-que-pagaran-y-otras-cinco-negaron-esa-posibilidad-n5807441\" target=\"_blank\">gobernadores<\/a>&nbsp;que paguen el&nbsp;<a rel=\"noreferrer noopener\" href=\"https:\/\/www.ambito.com\/economia\/bono-60000-trabajadores-quienes-lo-cobraran-y-cuando-n5805952\" target=\"_blank\">bono&nbsp;de $60 mil&nbsp;<\/a><a rel=\"noreferrer noopener\" href=\"https:\/\/www.ambito.com\/economia\/una-una-todas-las-medidas-que-anuncio-sergio-massa-n5805728\" target=\"_blank\">dispuesto por el ministro de Econom\u00eda&nbsp;Sergio Massa<\/a>&nbsp;para asalariados.<\/strong><\/p>\n\n\n\n<p class=\"has-medium-font-size\">&#8220;Les digo a esos&nbsp;<strong>empresarios<\/strong>&nbsp;que se llenaron de plata en los dos \u00faltimos a\u00f1os que ha llegado la hora de distribuir, as\u00ed que no se quejen cuando el Gobierno les dice que tienen que darle una suma sus trabajadores. Que alguna vez piensen en la comunidad en la que viven y dejen de pensar en su bolsillo&#8221;, dijo el Jefe de Estado al inaugurar en la provincia de&nbsp;<strong>Catamarca<\/strong>&nbsp;la pavimentaci\u00f3n de la ruta provincial N\u00ba3 (RP 3), en un acto que cont\u00f3 con las presencias del ministro de Obras P\u00fablicas, Gabriel Katopodis; el gobernador local, Ra\u00fal Jalil, y el mandatario de La Rioja, Ricardo Quintela.<a><\/a>Informate m\u00e1s<\/p>\n\n\n\n<figure class=\"wp-block-image\"><img decoding=\"async\" src=\"https:\/\/media.ambito.com\/p\/2f2287da1708a2b8fec453e0a13ef00b\/adjuntos\/239\/imagenes\/040\/932\/0040932140\/655x368\/smart\/alberto-fernandez-capturajpg.jpg\" alt=\"El presidente Alberto Fern\u00e1ndez exigi\u00f3 a empresarios y gobernadores que paguen el bono a trabajadores.\"\/><figcaption class=\"wp-element-caption\">El presidente Alberto Fern\u00e1ndez exigi\u00f3 a empresarios y gobernadores que paguen el bono a trabajadores.<\/figcaption><\/figure>\n\n\n\n<h2 class=\"wp-block-heading has-medium-font-size\"><a href=\"https:\/\/www.ambito.com\/edicion-impresa\/plus-estatales-la-rioja-se-sumo-mendoza-y-santiago-del-estero-n5807672\">Plus a estatales: La Rioja se sum\u00f3 a Mendoza y Santiago del Estero<\/a><\/h2>\n\n\n\n<h2 class=\"wp-block-heading has-medium-font-size\">En la misma l\u00ednea, el Presidente llam\u00f3 a los&nbsp;<a rel=\"noreferrer noopener\" href=\"https:\/\/www.ambito.com\/economia\/bono-tres-provincias-ya-confirmaron-que-pagaran-y-otras-cinco-negaron-esa-posibilidad-n5807441\" target=\"_blank\">mandatarios provinciales&nbsp;<\/a>a pagar tambi\u00e9n la suma fija: &#8220;Esta reflexi\u00f3n tambi\u00e9n se la hago a algunos gobernadores&#8221;.<\/h2>\n\n\n\n<p class=\"has-medium-font-size\">Alberto Fern\u00e1ndez afirm\u00f3 adem\u00e1s que las \u00faltimas medidas del Gobierno nacional \u201cson un Plan Justicia\u201d. <strong>&#8220;Esto no es el &#8216;Plan Platita&#8217;, es el Plan Justicia, que los que m\u00e1s tienen mejor repartan&#8221;<\/strong>, argument\u00f3.<\/p>\n\n\n\n<p class=\"has-medium-font-size\">&#8220;Entiendo que son momentos dif\u00edciles y que muchos est\u00e1n desalentados, pero conviertan ese desaliento en fuerza para que la Argentina no retroceda, no vuelva atr\u00e1s y no vuelvan los que nos dejaron esta deuda e inflaci\u00f3n&#8221;, pidi\u00f3.<\/p>\n\n\n\n<h2 class=\"wp-block-heading has-medium-font-size\">Bono: once provincias no pagar\u00e1n y otras tres ya confirmaron que s\u00ed<\/h2>\n\n\n\n<p class=\"has-medium-font-size\">El anuncio del&nbsp;<strong><a href=\"https:\/\/www.ambito.com\/economia\/bono-60000-trabajadores-quienes-lo-cobraran-y-cuando-n5805952\" target=\"_blank\" rel=\"noreferrer noopener\">bono<\/a><\/strong>&nbsp;de&nbsp;<strong><a href=\"https:\/\/www.ambito.com\/economia\/multaran-las-empresas-que-no-paguen-el-bono-sus-trabajadores-n5806974\" target=\"_blank\" rel=\"noreferrer noopener\">$60.000<\/a><\/strong>&nbsp;para<strong>&nbsp;trabajadores en relaci\u00f3n de dependencia<\/strong>&nbsp;fue una de las medidas que provocaron mayor alivio en los&nbsp;<strong>ingresos<\/strong>. Sin embargo, para los&nbsp;<strong>estatales&nbsp;<\/strong>exist\u00eda un asterisco en el monto: si bien se garantizaban los dos pagos para&nbsp;<strong>septiembre&nbsp;<\/strong>y&nbsp;<strong>octubre<\/strong>&nbsp;a los empleados nacionales, cada provincia deb\u00eda encargarse de otorgarle la suma a sus respectivos contratados.<\/p>\n\n\n\n<p class=\"has-medium-font-size\">En ese marco,&nbsp;<strong>Gerardo Zamora<\/strong>, gobernador de<strong>&nbsp;Santiago del Estero,&nbsp;<\/strong>fue uno de los primeros en confirmar que abonar\u00eda el&nbsp;<strong>bono<\/strong>&nbsp;aunque con sus propias condiciones:&nbsp;<strong>aumento salarial de $55.000&nbsp;<\/strong>y una&nbsp;<a href=\"https:\/\/www.ambito.com\/economia\/santiago-del-estero-anuncio-un-bono-400000-quienes-alcanza-n5807108\" target=\"_blank\" rel=\"noreferrer noopener\">suma de&nbsp;<\/a><strong><a href=\"https:\/\/www.ambito.com\/economia\/santiago-del-estero-anuncio-un-bono-400000-quienes-alcanza-n5807108\" target=\"_blank\" rel=\"noreferrer noopener\">$400.000<\/a>&nbsp;a pagarse en cuatro cuotas<\/strong>.<\/p>\n\n\n\n<p class=\"has-medium-font-size\">En el bando opositor, el radical&nbsp;<strong>Rodolfo Su\u00e1rez&nbsp;<\/strong>tambi\u00e9n confirm\u00f3 que se plegar\u00e1 al anuncio nacional abonando&nbsp;<strong>$60.000&nbsp;<\/strong>en dos meses para los&nbsp;<strong>trabajadores estatales&nbsp;<\/strong>de&nbsp;<strong>Mendoza<\/strong>.<\/p>\n\n\n\n<p class=\"has-medium-font-size\">Por su parte,&nbsp;<strong>Ricardo Quintela<\/strong>&nbsp;anunci\u00f3 -a la manera de&nbsp;<strong>Sergio Massa<\/strong>, con una serie de videos publicados en sus redes sociales que enumeraban distintos anuncios- que los empleados de&nbsp;<strong>La Rioja&nbsp;<\/strong>recibir\u00e1n un&nbsp;<strong>incremento del 5% del sueldo b\u00e1sico<\/strong>&nbsp;junto a una&nbsp;<strong>suma fija de $55.000<\/strong>. Las medidas<strong>&nbsp;no alcanzan a funcionarios de rangos superiores&nbsp;<\/strong>a secretarios, ministros, los cinco miembros del Tribunal de Cuentas y jueces del Tribunal Superior, ni a diputados ni intendentes.<\/p>\n\n\n\n<p class=\"has-medium-font-size\">Por otro lado, otros cuatro distritos anunciaron que no dar\u00e1n un monto especial como el que dispuso el gobierno. En las \u00faltimas horas, trascendi\u00f3 la confirmaci\u00f3n del ministro de Trabajo santafesino,&nbsp;<strong>Juan Manuel Pusineri<\/strong>: &#8220;<strong>La provincia de Santa Fe no va a pagar el bono<\/strong>, va a pagar la paritaria&#8221;.<\/p>\n\n\n\n<p class=\"has-medium-font-size\">Adem\u00e1s, detall\u00f3 en el programa local Radioinforme 3 que &#8220;en la provincia tenemos un acuerdo paritario que se termin\u00f3 de definir hace d\u00edas. Tenemos un<strong>&nbsp;25% de aumento sobre los salarios de febrero<\/strong>. Se suman m\u00e1s aumentos y cl\u00e1usulas de actualizaci\u00f3n autom\u00e1tica&#8221;.<\/p>\n\n\n\n<p class=\"has-medium-font-size\">En esa misma l\u00ednea argument\u00f3&nbsp;<strong>Adolfo Safr\u00e1n<\/strong>, ministro de Hacienda de la provincia de&nbsp;<strong>Misiones<\/strong>, que confirm\u00f3 que en su distrito no se abonar\u00e1 el bono porque estipularon &#8220;<strong>aumentos en julio y agosto&nbsp;<\/strong>y hay otros sectores como la&nbsp;<strong>docencia&nbsp;<\/strong>y las<strong>&nbsp;fuerzas de seguridad<\/strong>&nbsp;que recibir\u00e1n incrementos en septiembre&#8221;.<\/p>\n\n\n\n<p class=\"has-medium-font-size\">Por su parte, el gobernador electo de<strong>&nbsp;Jujuy<\/strong>&nbsp;y actual ministro de Hacienda,<strong>&nbsp;Carlos Sadir<\/strong>, argument\u00f3 que su gobierno &#8220;<strong>no est\u00e1 en condiciones de pagar un bono<\/strong>\u201d a pesar de que &#8220;hay una recuperaci\u00f3n real del salario en nuestra provincia&#8221;. \u201cLo descarto de plano,<strong>&nbsp;salvo que el Gobierno nacional nos env\u00ede los recursos&#8221;<\/strong>, concluy\u00f3 el dirigente radical.<\/p>\n\n\n\n<p class=\"has-medium-font-size\">Antes de ingresar a la reuni\u00f3n del&nbsp;<strong>Consejo Provincial del Partido Justicial<\/strong>, el gobernador reelecto&nbsp;<strong>Sergio Ziliotto<\/strong>&nbsp;afirm\u00f3 que no pagar\u00e1 el bono porque &#8220;en&nbsp;<strong>La Pampa<\/strong>&nbsp;hace 4 a\u00f1os que garantizamos<strong>&nbsp;cl\u00e1usula gatillo&nbsp;<\/strong>por encima del nivel de la&nbsp;<strong>inflaci\u00f3n<\/strong>&nbsp;y hoy por hoy hay un esfuerzo mayor para los trabajadores que tienen cargas familiares&#8221;. &#8220;Habr\u00e1 una complementaci\u00f3n para los sectores de menos recursos&#8221;, adelant\u00f3.<\/p>\n\n\n\n<p class=\"has-medium-font-size\">Por la provincia de&nbsp;<strong>C\u00f3rdoba<\/strong>, la confirmaci\u00f3n de que no se pagar\u00e1 el&nbsp;<strong>bono<\/strong>&nbsp;lleg\u00f3 de parte del secretario general de la Gobernaci\u00f3n,<strong>&nbsp;Julio C\u00e9sar Comello<\/strong>: &#8220;Con el aumento que hemos otorgado a todo el&nbsp;<strong>sector p\u00fablico<\/strong>, ning\u00fan trabajador tendr\u00e1 un aumento menor a<strong>&nbsp;$33.000<\/strong>. [&#8230;] En C\u00f3rdoba ya est\u00e1 consolidado con la porcentualidad con que los escalofones tienen&#8221;, declar\u00f3 en Radio Pulxo.<\/p>\n\n\n\n<p class=\"has-medium-font-size\">En tanto a la provincia de&nbsp;<strong>Entre R\u00edos<\/strong>,&nbsp;<strong>Gustavo Bordet&nbsp;<\/strong>confirm\u00f3 que su propia provincia&nbsp;<strong>no pagar\u00eda el bono<\/strong>. \u201c<strong>Tenemos nuestro propio sistema de paritarias<\/strong>, con un 72% de aumento acumulado con el \u00faltimo incremento del 5% que acordamos este mes. Y si lo comparamos con la inflaci\u00f3n, por casi&nbsp;<strong>15\/16 puntos por encima de la inflaci\u00f3n<\/strong>&#8220;, precis\u00f3 en la presentaci\u00f3n de obras de remodelaci\u00f3n en una escuela de&nbsp;<strong>Paran\u00e1.<\/strong><\/p>\n\n\n\n<p class=\"has-medium-font-size\">A trav\u00e9s de un comunicado, el Gobierno de&nbsp;<strong>Neuqu\u00e9n<\/strong>, encabezado por&nbsp;<strong>Omar Guti\u00e9rrez<\/strong>, explic\u00f3 el motivo por el que sus trabajadores estatales no recibir\u00e1n el bono: &#8220;La provincia no prev\u00e9 otorgar sumas fijas a&nbsp;<strong>empleados estatales<\/strong>. La totalidad de los trabajadores est\u00e1n bajo&nbsp;<strong>convenios colectivos<\/strong>&nbsp;y se acord\u00f3 en paritarias con todos los<strong>&nbsp;gremios<\/strong>&#8220;.<\/p>\n\n\n\n<p class=\"has-medium-font-size\">\u201cSe recompondr\u00e1 el&nbsp;<strong>salario estatal&nbsp;<\/strong>en la medida de nuestras posibilidades\u201d, dijo el gobernador de<strong>&nbsp;Tucum\u00e1n<\/strong>,&nbsp;<strong>Juan Manzur<\/strong>, para La Gaceta en el marco de la negociaci\u00f3n paritaria que se est\u00e1 desarrollando con los&nbsp;<strong>gremios estatales&nbsp;<\/strong>en este momento en la provincia por tres meses, que no contemplar\u00e1 el pago del&nbsp;<strong>bono<\/strong>.<\/p>\n\n\n\n<p class=\"has-medium-font-size\">Al haber anunciado en mayo un&nbsp;<strong>bono propio de $120.000&nbsp;<\/strong>a pagar en seis cuotas, al que se le a\u00f1adieron en el \u00faltimo mes dos cuotas extras de&nbsp;<strong>$20.000&nbsp;<\/strong>cada una antes de fin de a\u00f1o, la provincia de&nbsp;<strong>Catamarca&nbsp;<\/strong>tampoco se plegar\u00e1 a la medida.<\/p>\n\n\n\n<p class=\"has-medium-font-size\">Situaci\u00f3n similar ocurre en&nbsp;<strong>Santa Cruz<\/strong>, donde&nbsp;<strong>Alicia Kirchner&nbsp;<\/strong>anunci\u00f3 el pasado 15 de julio el pago de un bono de&nbsp;<strong>$100.000&nbsp;<\/strong>para quienes ganen un salario bruto inferior a<strong>&nbsp;$300.000&nbsp;<\/strong>y de&nbsp;<strong>$60.000<\/strong>, para quienes superan ese ingreso. En simult\u00e1neo, est\u00e1n negociando&nbsp;<strong>paritarias<\/strong>.<\/p>\n\n\n\n<p class=\"has-medium-font-size\">En el caso de&nbsp;<strong>Salta<\/strong>,&nbsp;<strong>Ricardo Villada<\/strong>, ministro de Gobierno, sintetiz\u00f3: &#8220;Si nosotros no tenemos para afrontar una ayuda extraordinaria de estas caracter\u00edsticas,&nbsp;<strong>sin ayuda de Naci\u00f3n<\/strong>, imag\u00ednese los municipios\u201d. \u201cVamos a ver si avanzamos en un esquema de&nbsp;<strong>compensaci\u00f3n de la inflaci\u00f3n<\/strong>, o si planteamos un esquema de remuneraci\u00f3n fija\u201d, a\u00f1adi\u00f3.<\/p>\n\n\n\n<p class=\"has-medium-font-size\">Finalmente, la&nbsp;<strong>ciudad de Buenos Aires<\/strong>&nbsp;tampoco abonar\u00e1 el&nbsp;<strong>bono anunciado de $60.000<\/strong>&nbsp;a sus&nbsp;<strong>trabajadores estatales<\/strong>, sosteniendo que existe &#8220;una<strong>&nbsp;paritaria mensual&nbsp;<\/strong>abierta con todos los<strong>&nbsp;gremios porte\u00f1os<\/strong>&#8221; que acompa\u00f1ar\u00eda el ritmo de la inflaci\u00f3n.<\/p>\n\n\n\n<p class=\"has-medium-font-size\">Fuente: Diario Ambito<\/p>\n","protected":false},"excerpt":{"rendered":"<p>El Presidente inaugur\u00f3 obras p\u00fablicas desde Catamarca, en donde pidi\u00f3 que se abone la suma fija dispuesta por Econom\u00eda para asalariados. El presidente&nbsp;Alberto Fern\u00e1ndez&nbsp;reclam\u00f3 a&nbsp;empresarios&nbsp;y&nbsp;gobernadores&nbsp;que paguen el&nbsp;bono&nbsp;de $60 mil&nbsp;dispuesto por el ministro de Econom\u00eda&nbsp;Sergio Massa&nbsp;para asalariados. &#8220;Les digo a esos&nbsp;empresarios&nbsp;que se llenaron de plata en los dos \u00faltimos a\u00f1os que ha llegado la hora de [&hellip;]<\/p>\n","protected":false},"author":3,"featured_media":1026,"comment_status":"closed","ping_status":"open","sticky":false,"template":"","format":"standard","meta":{"footnotes":""},"categories":[4,39],"tags":[129,183,66,149,40,72],"class_list":["post-1258","post","type-post","status-publish","format-standard","has-post-thumbnail","hentry","category-economia","category-politica","tag-alberto-fernandez","tag-bono","tag-economia","tag-elecciones-2023","tag-politica","tag-sergio-massa"],"blog_post_layout_featured_media_urls":{"thumbnail":["https:\/\/lavozdisruptiva.com\/wp-content\/uploads\/2023\/08\/Massa-y-Alberto-150x150.png",150,150,true],"full":["https:\/\/lavozdisruptiva.com\/wp-content\/uploads\/2023\/08\/Massa-y-Alberto.png",642,361,false]},"categories_names":{"4":{"name":"Econom\u00eda","link":"https:\/\/lavozdisruptiva.com\/index.php\/category\/economia\/"},"39":{"name":"Pol\u00edtica","link":"https:\/\/lavozdisruptiva.com\/index.php\/category\/politica\/"}},"tags_names":{"129":{"name":"Alberto Fernandez","link":"https:\/\/lavozdisruptiva.com\/index.php\/tag\/alberto-fernandez\/"},"183":{"name":"Bono","link":"https:\/\/lavozdisruptiva.com\/index.php\/tag\/bono\/"},"66":{"name":"Econom\u00eda","link":"https:\/\/lavozdisruptiva.com\/index.php\/tag\/economia\/"},"149":{"name":"Elecciones 2023","link":"https:\/\/lavozdisruptiva.com\/index.php\/tag\/elecciones-2023\/"},"40":{"name":"Pol\u00edtica","link":"https:\/\/lavozdisruptiva.com\/index.php\/tag\/politica\/"},"72":{"name":"Sergio Massa","link":"https:\/\/lavozdisruptiva.com\/index.php\/tag\/sergio-massa\/"}},"comments_number":"0","wpmagazine_modules_lite_featured_media_urls":{"thumbnail":["https:\/\/lavozdisruptiva.com\/wp-content\/uploads\/2023\/08\/Massa-y-Alberto-150x150.png",150,150,true],"cvmm-medium":["https:\/\/lavozdisruptiva.com\/wp-content\/uploads\/2023\/08\/Massa-y-Alberto-300x300.png",300,300,true],"cvmm-medium-plus":["https:\/\/lavozdisruptiva.com\/wp-content\/uploads\/2023\/08\/Massa-y-Alberto-305x207.png",305,207,true],"cvmm-portrait":["https:\/\/lavozdisruptiva.com\/wp-content\/uploads\/2023\/08\/Massa-y-Alberto-400x361.png",400,361,true],"cvmm-medium-square":["https:\/\/lavozdisruptiva.com\/wp-content\/uploads\/2023\/08\/Massa-y-Alberto-600x361.png",600,361,true],"cvmm-large":["https:\/\/lavozdisruptiva.com\/wp-content\/uploads\/2023\/08\/Massa-y-Alberto.png",642,361,false],"cvmm-small":["https:\/\/lavozdisruptiva.com\/wp-content\/uploads\/2023\/08\/Massa-y-Alberto-130x95.png",130,95,true],"full":["https:\/\/lavozdisruptiva.com\/wp-content\/uploads\/2023\/08\/Massa-y-Alberto.png",642,361,false]},"_links":{"self":[{"href":"https:\/\/lavozdisruptiva.com\/index.php\/wp-json\/wp\/v2\/posts\/1258","targetHints":{"allow":["GET"]}}],"collection":[{"href":"https:\/\/lavozdisruptiva.com\/index.php\/wp-json\/wp\/v2\/posts"}],"about":[{"href":"https:\/\/lavozdisruptiva.com\/index.php\/wp-json\/wp\/v2\/types\/post"}],"author":[{"embeddable":true,"href":"https:\/\/lavozdisruptiva.com\/index.php\/wp-json\/wp\/v2\/users\/3"}],"replies":[{"embeddable":true,"href":"https:\/\/lavozdisruptiva.com\/index.php\/wp-json\/wp\/v2\/comments?post=1258"}],"version-history":[{"count":2,"href":"https:\/\/lavozdisruptiva.com\/index.php\/wp-json\/wp\/v2\/posts\/1258\/revisions"}],"predecessor-version":[{"id":1260,"href":"https:\/\/lavozdisruptiva.com\/index.php\/wp-json\/wp\/v2\/posts\/1258\/revisions\/1260"}],"wp:featuredmedia":[{"embeddable":true,"href":"https:\/\/lavozdisruptiva.com\/index.php\/wp-json\/wp\/v2\/media\/1026"}],"wp:attachment":[{"href":"https:\/\/lavozdisruptiva.com\/index.php\/wp-json\/wp\/v2\/media?parent=1258"}],"wp:term":[{"taxonomy":"category","embeddable":true,"href":"https:\/\/lavozdisruptiva.com\/index.php\/wp-json\/wp\/v2\/categories?post=1258"},{"taxonomy":"post_tag","embeddable":true,"href":"https:\/\/lavozdisruptiva.com\/index.php\/wp-json\/wp\/v2\/tags?post=1258"}],"curies":[{"name":"wp","href":"https:\/\/api.w.org\/{rel}","templated":true}]}}