{"id":1166,"date":"2023-08-27T08:42:26","date_gmt":"2023-08-27T11:42:26","guid":{"rendered":"https:\/\/lavozdisruptiva.com\/?p=1166"},"modified":"2023-08-27T08:42:27","modified_gmt":"2023-08-27T11:42:27","slug":"saqueos-massa-pidio-retirar-los-planes-sociales-a-quienes-hayan-sido-imputados-por-robo-en-poblado-y-banda","status":"publish","type":"post","link":"https:\/\/lavozdisruptiva.com\/index.php\/2023\/08\/27\/saqueos-massa-pidio-retirar-los-planes-sociales-a-quienes-hayan-sido-imputados-por-robo-en-poblado-y-banda\/","title":{"rendered":"Saqueos: Massa pidi\u00f3 retirar los planes sociales a quienes hayan sido imputados por &#8220;robo en poblado y banda&#8221;"},"content":{"rendered":"\n<h2 class=\"wp-block-heading has-medium-font-size\">El Ministro de Econom\u00eda advirti\u00f3 que la decisi\u00f3n fue tomada en el marco de los cr\u00e9ditos que dar\u00e1 a los comerciantes que fueron robados en distintos puntos del pa\u00eds.<\/h2>\n\n\n\n<p class=\"has-medium-font-size\">El ministro de Econom\u00eda y candidato a presidente de Uni\u00f3n por la Patria,&nbsp;<a target=\"_blank\" href=\"https:\/\/www.perfil.com\/noticias\/politica\/alberto-fernandez-adelanto-las-medidas-economicas-que-va-a-anunciar-massa.phtml\" rel=\"noreferrer noopener\"><strong>Sergio Massa<\/strong><\/a>, le pidi\u00f3 a&nbsp;<strong>Victoria Tolosa Paz<\/strong>, su par en Desarrollo Social, que suspenda la asignaci\u00f3n de planes sociales a quienes hubieran participado en los saqueos registrados en la \u00faltima semana.&nbsp;<\/p>\n\n\n\n<p class=\"has-medium-font-size\">En una carta que fue rubricada por Massa y publicada en el Bolet\u00edn Oficial, detalla que el sentido de la medida es el otorgamiento de los&nbsp;<a target=\"_blank\" href=\"https:\/\/www.perfil.com\/noticias\/economia\/el-fmi-permitira-al-gobierno-que-intervenga-para-controlar-los-dolares-financieros.phtml\" rel=\"noreferrer noopener\">cr\u00e9ditos no reembolsables que anunci\u00f3 la \u00faltima semana para los comerciantes que sufrieron robos en manada.&nbsp;<\/a><\/p>\n\n\n\n<p class=\"has-medium-font-size\">&#8220;Tengo el agrado de dirigirme a usted a fin de hacerle saber que he dispuesto el otorgamiento de un aporte no reintegrable de siete millones de pesos a los comerciantes que resultaran v\u00edctimas de los robos en poblado y en banda ocurridos la semana pr\u00f3xima pasada&#8221;, dice en el primer p\u00e1rrafo la nota enviada a Tolosa Paz.&nbsp;<\/p>\n\n\n\n<p class=\"has-medium-font-size\">Luego agrega: &#8220;En m\u00e9rito a ello y atento al esfuerzo econ\u00f3mico que hace el gobierno en relaci\u00f3n a estos sucesos, es que le solicito,<strong>&nbsp;tenga a bien proceder a la suspensi\u00f3n, en el marco de la normativa vigente del beneficio social asignado a las personas que hayan sido imputadas en las diferentes causas por la comisi\u00f3n de los delitos descriptos&#8221;.<\/strong><\/p>\n\n\n\n<p class=\"has-medium-font-size\">Massa ya hab\u00eda anticipado que otorgar\u00eda cr\u00e9ditos de hasta siete millones de pesos para los comerciantes que sufrieron robos y da\u00f1os en sus locales. Fue luego de que se registraran robos de distintos grupos en el conurbano, y provincias como Santa Fe, Neuqu\u00e9n y Mendoza.&nbsp;<\/p>\n\n\n\n<p class=\"has-medium-font-size\">\u201cCreemos que la gente de trabajo v\u00edctima de un delito, de alguna manera tiene que ver en el Estado su capacidad de respuesta y protecci\u00f3n\u201d, dijo entonces Massa.&nbsp;<\/p>\n\n\n\n<p class=\"has-medium-font-size\">Luego manifest\u00f3: \u201cHay dos planos para mirar. Uno es el de los delincuentes y la causa u origen de ese delito. Despu\u00e9s ser\u00e1 responsabilidad de jueces y fiscales buscar si se trata de simples delincuentes o delincuentes instigados. Hay un segundo plano que es el de la gente de laburo, el comerciante y el supermercadista que de alguna manera trabaja todos los d\u00edas y fue v\u00edctima de un delito\u201d.<\/p>\n\n\n\n<p>Fuente: Diario Perfil<\/p>\n","protected":false},"excerpt":{"rendered":"<p>El Ministro de Econom\u00eda advirti\u00f3 que la decisi\u00f3n fue tomada en el marco de los cr\u00e9ditos que dar\u00e1 a los comerciantes que fueron robados en distintos puntos del pa\u00eds. El ministro de Econom\u00eda y candidato a presidente de Uni\u00f3n por la Patria,&nbsp;Sergio Massa, le pidi\u00f3 a&nbsp;Victoria Tolosa Paz, su par en Desarrollo Social, que suspenda [&hellip;]<\/p>\n","protected":false},"author":3,"featured_media":1175,"comment_status":"closed","ping_status":"open","sticky":false,"template":"","format":"standard","meta":{"footnotes":""},"categories":[48,39],"tags":[149,40,156,72],"class_list":["post-1166","post","type-post","status-publish","format-standard","has-post-thumbnail","hentry","category-policiales","category-politica","tag-elecciones-2023","tag-politica","tag-saqueos","tag-sergio-massa"],"blog_post_layout_featured_media_urls":{"thumbnail":["https:\/\/lavozdisruptiva.com\/wp-content\/uploads\/2023\/08\/Massa-sorprendido-150x150.webp",150,150,true],"full":["https:\/\/lavozdisruptiva.com\/wp-content\/uploads\/2023\/08\/Massa-sorprendido.webp",1200,675,false]},"categories_names":{"48":{"name":"Policiales","link":"https:\/\/lavozdisruptiva.com\/index.php\/category\/policiales\/"},"39":{"name":"Pol\u00edtica","link":"https:\/\/lavozdisruptiva.com\/index.php\/category\/politica\/"}},"tags_names":{"149":{"name":"Elecciones 2023","link":"https:\/\/lavozdisruptiva.com\/index.php\/tag\/elecciones-2023\/"},"40":{"name":"Pol\u00edtica","link":"https:\/\/lavozdisruptiva.com\/index.php\/tag\/politica\/"},"156":{"name":"Saqueos","link":"https:\/\/lavozdisruptiva.com\/index.php\/tag\/saqueos\/"},"72":{"name":"Sergio Massa","link":"https:\/\/lavozdisruptiva.com\/index.php\/tag\/sergio-massa\/"}},"comments_number":"0","wpmagazine_modules_lite_featured_media_urls":{"thumbnail":["https:\/\/lavozdisruptiva.com\/wp-content\/uploads\/2023\/08\/Massa-sorprendido-150x150.webp",150,150,true],"cvmm-medium":["https:\/\/lavozdisruptiva.com\/wp-content\/uploads\/2023\/08\/Massa-sorprendido-300x300.webp",300,300,true],"cvmm-medium-plus":["https:\/\/lavozdisruptiva.com\/wp-content\/uploads\/2023\/08\/Massa-sorprendido-305x207.webp",305,207,true],"cvmm-portrait":["https:\/\/lavozdisruptiva.com\/wp-content\/uploads\/2023\/08\/Massa-sorprendido-400x600.webp",400,600,true],"cvmm-medium-square":["https:\/\/lavozdisruptiva.com\/wp-content\/uploads\/2023\/08\/Massa-sorprendido-600x600.webp",600,600,true],"cvmm-large":["https:\/\/lavozdisruptiva.com\/wp-content\/uploads\/2023\/08\/Massa-sorprendido-1024x675.webp",1024,675,true],"cvmm-small":["https:\/\/lavozdisruptiva.com\/wp-content\/uploads\/2023\/08\/Massa-sorprendido-130x95.webp",130,95,true],"full":["https:\/\/lavozdisruptiva.com\/wp-content\/uploads\/2023\/08\/Massa-sorprendido.webp",1200,675,false]},"_links":{"self":[{"href":"https:\/\/lavozdisruptiva.com\/index.php\/wp-json\/wp\/v2\/posts\/1166","targetHints":{"allow":["GET"]}}],"collection":[{"href":"https:\/\/lavozdisruptiva.com\/index.php\/wp-json\/wp\/v2\/posts"}],"about":[{"href":"https:\/\/lavozdisruptiva.com\/index.php\/wp-json\/wp\/v2\/types\/post"}],"author":[{"embeddable":true,"href":"https:\/\/lavozdisruptiva.com\/index.php\/wp-json\/wp\/v2\/users\/3"}],"replies":[{"embeddable":true,"href":"https:\/\/lavozdisruptiva.com\/index.php\/wp-json\/wp\/v2\/comments?post=1166"}],"version-history":[{"count":3,"href":"https:\/\/lavozdisruptiva.com\/index.php\/wp-json\/wp\/v2\/posts\/1166\/revisions"}],"predecessor-version":[{"id":1176,"href":"https:\/\/lavozdisruptiva.com\/index.php\/wp-json\/wp\/v2\/posts\/1166\/revisions\/1176"}],"wp:featuredmedia":[{"embeddable":true,"href":"https:\/\/lavozdisruptiva.com\/index.php\/wp-json\/wp\/v2\/media\/1175"}],"wp:attachment":[{"href":"https:\/\/lavozdisruptiva.com\/index.php\/wp-json\/wp\/v2\/media?parent=1166"}],"wp:term":[{"taxonomy":"category","embeddable":true,"href":"https:\/\/lavozdisruptiva.com\/index.php\/wp-json\/wp\/v2\/categories?post=1166"},{"taxonomy":"post_tag","embeddable":true,"href":"https:\/\/lavozdisruptiva.com\/index.php\/wp-json\/wp\/v2\/tags?post=1166"}],"curies":[{"name":"wp","href":"https:\/\/api.w.org\/{rel}","templated":true}]}}