{"id":1102,"date":"2023-08-24T13:31:55","date_gmt":"2023-08-24T16:31:55","guid":{"rendered":"https:\/\/lavozdisruptiva.com\/?p=1102"},"modified":"2023-08-24T13:31:56","modified_gmt":"2023-08-24T16:31:56","slug":"zelenski-dice-no-tener-relacion-con-la-muerte-del-jefe-de-wagner-y-cree-que-es-algo-bueno-para-ucrania","status":"publish","type":"post","link":"https:\/\/lavozdisruptiva.com\/index.php\/2023\/08\/24\/zelenski-dice-no-tener-relacion-con-la-muerte-del-jefe-de-wagner-y-cree-que-es-algo-bueno-para-ucrania\/","title":{"rendered":"Zelenski dice no tener relaci\u00f3n con la muerte del jefe de Wagner y cree que es \u201calgo bueno\u201d para Ucrania"},"content":{"rendered":"\n<p class=\"has-medium-font-size\">El presidente de Ucrania, Volod\u00edmir Zelenski, asegur\u00f3 que no tiene relaci\u00f3n con el siniestro a\u00e9reo en el que presuntamente muri\u00f3 el jefe del grupo ruso de mercenarios Wagner, Yevgueni Prigozhin, y asegur\u00f3 que su fallecimiento es \u201calgo bueno\u201d para su pa\u00eds.<\/p>\n\n\n\n<p class=\"has-medium-font-size\">\u201cClaro que es algo bueno para Ucrania. No tenemos nada que ver con eso, sabemos qui\u00e9n fue\u201d, afirm\u00f3 Zelenski este jueves en una rueda de prensa en Kiev junto a su hom\u00f3logo portugu\u00e9s, Marcelo Rebelo de Sousa.<\/p>\n\n\n\n<p class=\"has-medium-font-size\">En su declaraci\u00f3n, Zelenski aprovech\u00f3 incluso para hacer una broma al respecto: \u201cCuando ped\u00ed apoyo a\u00e9reo a los socios no era esto lo que hab\u00eda pensado\u201d, afirm\u00f3.<\/p>\n\n\n\n<p class=\"has-medium-font-size\">Un avi\u00f3n privado de Wagner en el que Prigozhin figuraba como uno de los pasajeros se estrell\u00f3 este mi\u00e9rcoles por la tarde cuando volaba de Mosc\u00fa a San Petersburgo y los diez ocupantes murieron en el siniestro, seg\u00fan las autoridades rusas.<\/p>\n\n\n\n<h2 class=\"wp-block-heading\" id=\"h-la-ue-expresa-sus-dudas-sobre-la-informacion-rusa\">La UE expresa sus dudas sobre la informaci\u00f3n rusa<\/h2>\n\n\n\n<p class=\"has-medium-font-size\">Por su parte, el portavoz de Asuntos Exteriores de la Comisi\u00f3n Europea, Peter Stano, se\u00f1al\u00f3 este jueves que \u201ccasi nada de lo que sale de Rusia estos d\u00edas es cre\u00edble\u201d, en alusi\u00f3n al siniestro en el que \u201csupuestamente\u201d muri\u00f3 Prigozhin junto a otras personas de su entorno y miembros de la tripulaci\u00f3n del vuelo.<\/p>\n\n\n\n<p class=\"has-medium-font-size\">\u201cPero de nuevo, como muchas otras cosas en Rusia, esto es muy dif\u00edcil de verificar para nosotros, no nos corresponde a nosotros comentar\u201d, indic\u00f3 Stano.<\/p>\n\n\n\n<p class=\"has-medium-font-size\">Preguntado por las posibles consecuencias de la desaparici\u00f3n de Prigozhin, afirm\u00f3 que ser\u00eda \u201cuna pura especulaci\u00f3n en este momento\u201d.<\/p>\n\n\n\n<p class=\"has-medium-font-size\">\u201cTodo el mundo sabe lo que era Wagner, lo que han estado haciendo, no solo en Bielorrusia sino en todo el mundo, en \u00c1frica\u201d, coment\u00f3, y agreg\u00f3 que \u201cdonde haya estado o donde est\u00e9 presente, ha dejado un rastro de violaci\u00f3n de los derechos humanos, de la ley humanitaria internacional\u201d.<\/p>\n\n\n\n<p class=\"has-medium-font-size\">\u201cEsperamos que el impacto negativo de las actividades de Wagner cese, pero no es algo que est\u00e9 ligado \u00fanicamente al nombre de su l\u00edder, sino que ese grupo est\u00e1 organizado, fue controlado y financiado por el Kremlin, as\u00ed que son asuntos complejos\u201d, indic\u00f3 Stano.<\/p>\n","protected":false},"excerpt":{"rendered":"<p>El presidente de Ucrania, Volod\u00edmir Zelenski, asegur\u00f3 que no tiene relaci\u00f3n con el siniestro a\u00e9reo en el que presuntamente muri\u00f3 el jefe del grupo ruso de mercenarios Wagner, Yevgueni Prigozhin, y asegur\u00f3 que su fallecimiento es \u201calgo bueno\u201d para su pa\u00eds. \u201cClaro que es algo bueno para Ucrania. No tenemos nada que ver con eso, [&hellip;]<\/p>\n","protected":false},"author":2,"featured_media":1103,"comment_status":"closed","ping_status":"open","sticky":false,"template":"","format":"standard","meta":{"footnotes":""},"categories":[47,48,39],"tags":[153,152,154],"class_list":["post-1102","post","type-post","status-publish","format-standard","has-post-thumbnail","hentry","category-internacional","category-policiales","category-politica","tag-internacional","tag-mundo","tag-ucrania"],"blog_post_layout_featured_media_urls":{"thumbnail":["https:\/\/lavozdisruptiva.com\/wp-content\/uploads\/2023\/08\/8a54e3a35326ff264a4e32c7f8858c9edef09458w-1024x678-1-150x150.jpg",150,150,true],"full":["https:\/\/lavozdisruptiva.com\/wp-content\/uploads\/2023\/08\/8a54e3a35326ff264a4e32c7f8858c9edef09458w-1024x678-1.jpg",1023,678,false]},"categories_names":{"47":{"name":"Internacional","link":"https:\/\/lavozdisruptiva.com\/index.php\/category\/internacional\/"},"48":{"name":"Policiales","link":"https:\/\/lavozdisruptiva.com\/index.php\/category\/policiales\/"},"39":{"name":"Pol\u00edtica","link":"https:\/\/lavozdisruptiva.com\/index.php\/category\/politica\/"}},"tags_names":{"153":{"name":"Internacional","link":"https:\/\/lavozdisruptiva.com\/index.php\/tag\/internacional\/"},"152":{"name":"Mundo","link":"https:\/\/lavozdisruptiva.com\/index.php\/tag\/mundo\/"},"154":{"name":"Ucrania","link":"https:\/\/lavozdisruptiva.com\/index.php\/tag\/ucrania\/"}},"comments_number":"0","wpmagazine_modules_lite_featured_media_urls":{"thumbnail":["https:\/\/lavozdisruptiva.com\/wp-content\/uploads\/2023\/08\/8a54e3a35326ff264a4e32c7f8858c9edef09458w-1024x678-1-150x150.jpg",150,150,true],"cvmm-medium":["https:\/\/lavozdisruptiva.com\/wp-content\/uploads\/2023\/08\/8a54e3a35326ff264a4e32c7f8858c9edef09458w-1024x678-1-300x300.jpg",300,300,true],"cvmm-medium-plus":["https:\/\/lavozdisruptiva.com\/wp-content\/uploads\/2023\/08\/8a54e3a35326ff264a4e32c7f8858c9edef09458w-1024x678-1-305x207.jpg",305,207,true],"cvmm-portrait":["https:\/\/lavozdisruptiva.com\/wp-content\/uploads\/2023\/08\/8a54e3a35326ff264a4e32c7f8858c9edef09458w-1024x678-1-400x600.jpg",400,600,true],"cvmm-medium-square":["https:\/\/lavozdisruptiva.com\/wp-content\/uploads\/2023\/08\/8a54e3a35326ff264a4e32c7f8858c9edef09458w-1024x678-1-600x600.jpg",600,600,true],"cvmm-large":["https:\/\/lavozdisruptiva.com\/wp-content\/uploads\/2023\/08\/8a54e3a35326ff264a4e32c7f8858c9edef09458w-1024x678-1.jpg",1023,678,false],"cvmm-small":["https:\/\/lavozdisruptiva.com\/wp-content\/uploads\/2023\/08\/8a54e3a35326ff264a4e32c7f8858c9edef09458w-1024x678-1-130x95.jpg",130,95,true],"full":["https:\/\/lavozdisruptiva.com\/wp-content\/uploads\/2023\/08\/8a54e3a35326ff264a4e32c7f8858c9edef09458w-1024x678-1.jpg",1023,678,false]},"_links":{"self":[{"href":"https:\/\/lavozdisruptiva.com\/index.php\/wp-json\/wp\/v2\/posts\/1102","targetHints":{"allow":["GET"]}}],"collection":[{"href":"https:\/\/lavozdisruptiva.com\/index.php\/wp-json\/wp\/v2\/posts"}],"about":[{"href":"https:\/\/lavozdisruptiva.com\/index.php\/wp-json\/wp\/v2\/types\/post"}],"author":[{"embeddable":true,"href":"https:\/\/lavozdisruptiva.com\/index.php\/wp-json\/wp\/v2\/users\/2"}],"replies":[{"embeddable":true,"href":"https:\/\/lavozdisruptiva.com\/index.php\/wp-json\/wp\/v2\/comments?post=1102"}],"version-history":[{"count":1,"href":"https:\/\/lavozdisruptiva.com\/index.php\/wp-json\/wp\/v2\/posts\/1102\/revisions"}],"predecessor-version":[{"id":1104,"href":"https:\/\/lavozdisruptiva.com\/index.php\/wp-json\/wp\/v2\/posts\/1102\/revisions\/1104"}],"wp:featuredmedia":[{"embeddable":true,"href":"https:\/\/lavozdisruptiva.com\/index.php\/wp-json\/wp\/v2\/media\/1103"}],"wp:attachment":[{"href":"https:\/\/lavozdisruptiva.com\/index.php\/wp-json\/wp\/v2\/media?parent=1102"}],"wp:term":[{"taxonomy":"category","embeddable":true,"href":"https:\/\/lavozdisruptiva.com\/index.php\/wp-json\/wp\/v2\/categories?post=1102"},{"taxonomy":"post_tag","embeddable":true,"href":"https:\/\/lavozdisruptiva.com\/index.php\/wp-json\/wp\/v2\/tags?post=1102"}],"curies":[{"name":"wp","href":"https:\/\/api.w.org\/{rel}","templated":true}]}}