{"id":10720,"date":"2026-09-06T11:08:38","date_gmt":"2026-09-06T14:08:38","guid":{"rendered":"https:\/\/lavozdisruptiva.com\/?p=10720"},"modified":"2026-09-06T11:08:38","modified_gmt":"2026-09-06T14:08:38","slug":"javi-asi-no-va","status":"publish","type":"post","link":"https:\/\/lavozdisruptiva.com\/index.php\/2026\/09\/06\/javi-asi-no-va\/","title":{"rendered":"Javi, as\u00ed no va"},"content":{"rendered":"\n<h2 class=\"wp-block-heading\">La tobillera de Cristina, los insultos de Milei y el tema Malvinas. Todo tiene que ver con todo.<\/h2>\n\n\n\n<p class=\"has-medium-font-size wp-block-paragraph\">Antes que nada, un aporte al debate sobre c\u00f3mo controlar el movimiento de&nbsp;<strong>Cristina&nbsp;<\/strong>en San Jos\u00e9 1111.<\/p>\n\n\n\n<p class=\"has-medium-font-size wp-block-paragraph\">Al parecer, la tobillera marca el lugar donde est\u00e1 ubicado el tobillo y, por ende, el resto del cuerpo de la injustamente perseguida.<\/p>\n\n\n\n<p class=\"has-medium-font-size wp-block-paragraph\">El dispositivo electr\u00f3nico garantiza que <strong>la secuestrada<\/strong>, tal como la llam\u00f3 M\u00e1ximo el mi\u00e9rcoles, est\u00e9 en el edificio. Lo que no se detecta es si est\u00e1 en su departamento, en la terraza o en el\u00a0<strong><a href=\"https:\/\/www.clarin.com\/politica\/justicia-ordeno-investigar-patrimonio-compradora-piso-abajo-cristina-kirchner_0_wFBHyGwSW1.html\" target=\"_blank\" rel=\"noopener\">departamento de abajo<\/a><\/strong>. El tema preocupa porque justamente ese derpa habr\u00eda sido adquirido por otros malhechores que, como Ella, tuvieron la mala suerte de que los descubrieran.<\/p>\n\n\n\n<p class=\"has-medium-font-size wp-block-paragraph\">El gorilaje teme que el departamento de abajo se use para reunirse y conspirar desde all\u00ed contra el mejor gobierno de la historia argentina. Es decir, podr\u00edan transformar el edificio entero en un nuevo Instituto Patria, en este caso ser\u00eda el<strong>&nbsp;Instituto Correccional Patria.<\/strong>&nbsp;Conociendo a los peronistas, en un minuto te arman otra Puerta de Hierro.<\/p>\n\n\n\n<p class=\"has-medium-font-size wp-block-paragraph\">Adem\u00e1s, dicen que la idea ser\u00eda comunicar ambas propiedades con una&nbsp;<strong>escalera secreta<\/strong>. O sea, hacer un agujero en la losa, sacar los escombros, entrar materiales, construir una escalera o traer y colocar una met\u00e1lica. Todo esto sin que nadie se de cuenta. Innecesario porque, si la tobillera no detecta nada, podr\u00edan usar la escalera del edificio y se ahorran la obra.<\/p>\n\n\n\n<p class=\"has-medium-font-size wp-block-paragraph\">Si de verdad se busca que todo esto no suceda lo mejor ser\u00eda sacarle la tobillera a Cristina y ponerle&nbsp;<strong>una cadena de 5 o 6 metros atada a la cama<\/strong>. Por supuesto, no es lo m\u00e1s civilizado ni lo m\u00e1s c\u00f3modo pero al menos te asegur\u00e1s de que no se vaya a ning\u00fan lado. Con 6 metros le da para llegar hasta el ba\u00f1o, la cocina, algo del living y listo.<\/p>\n\n\n\n<p class=\"has-medium-font-size wp-block-paragraph\">De \u00faltima, si quieren permitir que Ella tenga m\u00e1s movimiento, salga al balc\u00f3n y hable para la liberaci\u00f3n, le met\u00e9s una cadena de 15 o 20 metros. Ac\u00e1 hay que explicar algo muy importante. Veamos.<\/p>\n\n\n\n<p class=\"has-medium-font-size wp-block-paragraph\">Cuando los barcos fondean, sueltan el ancla con una cadena. La gente cree que el barco no se mueve porque el ancla se engancha en el fondo pero en realidad lo que sucede es otra cosa.<\/p>\n\n\n\n<p class=\"has-medium-font-size wp-block-paragraph\">El barco se mantiene en su lugar por el peso de la cadena, la famosa curva catenaria, o directamente la cadena apoyada en el lecho marino. Por eso, los metros de cadena que se arrojan van de 3 a 6 veces la profundidad. O sea, si hay 10 metros de profundidad tir\u00e1s al menos 30 metros de cadena. Si a\u00fan as\u00ed, el barco se mueve se dice que el barco \u201cgarrea\u201d.<\/p>\n\n\n\n<p class=\"has-medium-font-size wp-block-paragraph\">Volviendo al punto, si lo que se pretende es&nbsp;<strong>que Cristina no \u201cgarree<\/strong>\u201d, hay que darle<strong>&nbsp;mucha cadena<\/strong>, por ejemplo 40 metros. Ella lo va a tomar como un gesto de flexibilizaci\u00f3n en su injusta detenci\u00f3n pero en realidad no se va a poder mover de la cama m\u00e1s que para ir al ba\u00f1o porque no hay manera de arrastrar 40 metros de cadena, salvo que suban a ayudarla los de La C\u00e1mpora.<\/p>\n\n\n\n<p class=\"has-medium-font-size wp-block-paragraph\">Reconozcamos que meter en el departamento&nbsp;<strong>30 tipos de La C\u00e1mpora para mover 40 metros de cadena<\/strong>&nbsp;y permitir que Cristina se pueda trasladar al piso de abajo es un poco complicado. Veremos qu\u00e9 hacen.<\/p>\n\n\n\n<p class=\"has-medium-font-size wp-block-paragraph\">Esta clase de&nbsp;<strong>n\u00e1utica para jueces, gorilas y perucas<\/strong>, fue gratis.<\/p>\n\n\n\n<p class=\"has-medium-font-size wp-block-paragraph\">Dicho esto, vamos a lo realmente importante.<\/p>\n\n\n\n<p class=\"has-medium-font-size wp-block-paragraph\">Tal como estaba previsto, el martes arranc\u00f3 el<a href=\"https:\/\/www.clarin.com\/opinion\/vuelve-campeonato-nacional-mandriles_0_xfKao5SOzl.html\" target=\"_blank\" rel=\"noopener\">&nbsp;<\/a><strong><a href=\"https:\/\/www.clarin.com\/opinion\/vuelve-campeonato-nacional-mandriles_0_xfKao5SOzl.html\" target=\"_blank\" rel=\"noopener\">Campeonato Nacional de Mandriles 2026<\/a>,&nbsp;<\/strong>organizado por la AMA (Asociaci\u00f3n Argentina de Mandriles).<\/p>\n\n\n\n<p class=\"has-medium-font-size wp-block-paragraph\">Recordemos que compiten los 24 mandriles mejor clasificados del Campeonato Nacional del a\u00f1o pasado en 6 grupos de 4 envaselinados cada uno. En paralelo hay un Torneo Promoci\u00f3n donde participan los dem\u00e1s mandriles del pa\u00eds. Clasifican a octavos de final los 2 primeros de cada grupo y los 4 primeros de Torneo Promoci\u00f3n. Simple.<\/p>\n\n\n\n<p class=\"has-medium-font-size wp-block-paragraph\">La fase de grupos dura todo el mes de septiembre y cada mandril suma&nbsp;<strong>un punto por cada puteada de Milei.<\/strong><\/p>\n\n\n\n<p class=\"has-medium-font-size wp-block-paragraph\">\u00bfQu\u00e9 pas\u00f3 en la primera semana? Un desastre. No se puede confiar en el presidente.<\/p>\n\n\n\n<p class=\"has-medium-font-size wp-block-paragraph\">Organizamos un campeonato como la gente, con apuestas, c\u00e1balas, periodistas y economistas ansiosos por ser insultados, todos pendientes de \u00e9l, algunos sin dormir por la emoci\u00f3n y el tipo se manda<strong>&nbsp;apenas 20 insultos<\/strong>&nbsp;en toda la semana. Ven\u00edamos con 50 insultos por d\u00eda y se manca justo ahora.&nbsp;<strong>As\u00ed no va, Javi.<\/strong><\/p>\n\n\n\n<p class=\"has-medium-font-size wp-block-paragraph\">Con el \u00fanico que Milei se esmer\u00f3 fue con<strong>&nbsp;<\/strong>Paulino Rodr\u00edguez. Le dedic\u00f3 una de esas cataratas po\u00e9ticas que, cuando pasen los a\u00f1os, todav\u00eda se seguir\u00e1n recordando. En realidad, como viene la mano es muy posible que sea lo que m\u00e1s se recuerde. O peor a\u00fan, lo \u00fanico.<\/p>\n\n\n\n<p class=\"has-medium-font-size wp-block-paragraph\">Escribi\u00f3 textualmente el Excelent\u00edsimo Se\u00f1or Presidente de la Naci\u00f3n Argentina, Don<\/p>\n\n\n\n<p class=\"has-medium-font-size wp-block-paragraph\">Javier Gerardo Milei:\u00a0<strong><em>\u201c<\/em><\/strong><em><strong>Aqu\u00ed la mierda humana mal cagada de Paulino Rodr\u00edguez\u00a0operando con un video falso\u2026 \u00bfse retractar\u00e1 este pedazo de mierda inmunda<\/strong>?<\/em>\u00a0Todo en el mismo tweet. Lujo.<\/p>\n\n\n\n<p class=\"has-medium-font-size wp-block-paragraph\">Hubo otro insulto muy interesante. Sobre una imagen de&nbsp;<strong>Tenembaum&nbsp;<\/strong>y el economista<strong>&nbsp;\u00c1lvarez Agis<\/strong>, nuestro Pr\u00edncipe Libertario escribi\u00f3:<strong><em>&nbsp;\u201cpelotudo at\u00f3mico\u201d<\/em><\/strong>. Hermoso. Si yo hubiera sido Tenembaum, sal\u00eda corriendo a festejarlo colgado del alambrado pero lamentablemente el insulto result\u00f3 ser para el economista. Una decepci\u00f3n para Tenembaum y seguramente para toda su familia que debe so\u00f1ar con el primer t\u00edtulo de Ernesto.<\/p>\n\n\n\n<p class=\"has-medium-font-size wp-block-paragraph\">Estas son las posiciones parciales al s\u00e1bado 5\/9 a las 10:00 am:<\/p>\n\n\n\n<p class=\"has-medium-font-size wp-block-paragraph\"><strong>Grupo A:<\/strong><\/p>\n\n\n\n<p class=\"has-medium-font-size wp-block-paragraph\">Madanes Quintanilla 1 punto, luego Bonelli, Santill\u00e1n y Plager con 0 puntos.<\/p>\n\n\n\n<p class=\"has-medium-font-size wp-block-paragraph\"><strong>Grupo B<\/strong>:<\/p>\n\n\n\n<p class=\"has-medium-font-size wp-block-paragraph\">Novaresio 2 puntos y Melconian, Tenembaum y la UIA, con 0 puntos.<\/p>\n\n\n\n<p class=\"has-medium-font-size wp-block-paragraph\"><strong>Grupo C<\/strong>:<\/p>\n\n\n\n<p class=\"has-medium-font-size wp-block-paragraph\">Paolo Rocca 1 punto, lo siguen Fernandez D\u00edaz, O\u2019Donnell y Fontevecchia con 0 puntos.<\/p>\n\n\n\n<p class=\"has-medium-font-size wp-block-paragraph\"><strong>Grupo D<\/strong>:<\/p>\n\n\n\n<p class=\"has-medium-font-size wp-block-paragraph\">Todo&nbsp;<strong><em>Clar\u00edn<\/em><\/strong>, Morales Sol\u00e1, Manu Jove y Lali Esp\u00f3sito, los cuatro con 0 puntos.<\/p>\n\n\n\n<p class=\"has-medium-font-size wp-block-paragraph\"><strong>Grupo E:<\/strong><\/p>\n\n\n\n<p class=\"has-medium-font-size wp-block-paragraph\">Todo<em>&nbsp;La Naci\u00f3n<\/em>&nbsp;2 puntos, Van der Kooy, Nelson Castro y Alconada Mon 0 puntos.<\/p>\n\n\n\n<p class=\"has-medium-font-size wp-block-paragraph\"><strong>Grupo F:<\/strong><\/p>\n\n\n\n<p class=\"has-medium-font-size wp-block-paragraph\">Paulino Rodr\u00edguez 6 puntos, Carlos Pagni 2 puntos, cierran Mengolini y Di Marco 0 puntos.<\/p>\n\n\n\n<p class=\"has-medium-font-size wp-block-paragraph\">En el Torneo Promoci\u00f3n lideran Romina Mangel y el Gato Silvestre con apenas 1 punto cada uno.<\/p>\n\n\n\n<p class=\"has-medium-font-size wp-block-paragraph\">Aclaraci\u00f3n importante: el c\u00f3mputo y rastreo de los tweets lo realiza un agente de IA especialmente entrenado, se supone sin errores. En caso de que alg\u00fan mandril quiera presentar una queja puede hacerlo escribiendo a la siguiente casilla de mail:&nbsp;<strong>puteamejavi@gmail.com<\/strong><\/p>\n\n\n\n<p class=\"has-medium-font-size wp-block-paragraph\">Como se ve, semana pobre. Necesitamos que Milei colabore. Ojal\u00e1 a partir de ma\u00f1ana vuelva a ser esa bestia que todos queremos.<\/p>\n\n\n\n<p class=\"has-medium-font-size wp-block-paragraph\">Finalmente,&nbsp;<strong><a href=\"https:\/\/www.clarin.com\/politica\/malvinas-45-personas-empresas-sancionadas-gobierno-milei-explotacion-petrolera-islas_0_GuFC5Phfut.html\" target=\"_blank\" rel=\"noopener\">Malvinas<\/a><\/strong>.<\/p>\n\n\n\n<p class=\"has-medium-font-size wp-block-paragraph\">Durante d\u00e9cadas hubo negociaciones de todo tipo. A principios de los 70 el Reino Unido propuso coadministrar y entregar la soberan\u00eda en 50 a\u00f1os.&nbsp;<strong>Le dijimos que no. Hoy ser\u00edan nuestras<\/strong>. En 1979 los ministros Carrington y Ridley propusieron devolvernos la soberan\u00eda en el acto a cambio de un&nbsp;<em>leasing&nbsp;<\/em>a favor de ellos por 100 a\u00f1os compartiendo ambos pa\u00edses la explotaci\u00f3n econ\u00f3mica<strong>. No pas\u00f3<\/strong>.<\/p>\n\n\n\n<p class=\"has-medium-font-size wp-block-paragraph\">Un par de a\u00f1os despu\u00e9s, a Galtieri y sus amigos les pareci\u00f3 mejor ir a la guerra. Desastre. Menem arranc\u00f3 apoyando a Kadafy y termin\u00f3 abrazado con Bush padre, enviando tropas a la Guerra del Golfo y<strong>&nbsp;ositos peluches a los kelpers<\/strong>.<\/p>\n\n\n\n<p class=\"has-medium-font-size wp-block-paragraph\">Luego los Kirchner le mearon en la cabeza a Bush hijo y mandaron a Londres de embajadora a Alicia Castro que se dedicaba a insultar al Primer Ministro<strong>&nbsp;<\/strong>en la cara. Cristina se asoci\u00f3 con&nbsp;<strong>Ch\u00e1vez, Maduro y acord\u00f3 con Ir\u00e1n<\/strong>.<\/p>\n\n\n\n<p class=\"has-medium-font-size wp-block-paragraph\">Despu\u00e9s, Macri<strong>&nbsp;jug\u00f3 al tenis con Obama y al golf con Trump<\/strong>. Luego Alberto dijo que Venezuela era una democracia y&nbsp;<strong>le ofreci\u00f3 a Putin que Argentina fuera su puerta de entrada&nbsp;<\/strong>a Am\u00e9rica Latina. Hoy Milei se abraza a Trump como si fuera su hermano. Hemos desarrollado la pol\u00edtica exterior m\u00e1s err\u00e1tica del planeta.<\/p>\n\n\n\n<p class=\"has-medium-font-size wp-block-paragraph\">Moraleja: o hacen un<strong>&nbsp;acuerdo entre todos los pol\u00edticos argentinos<\/strong>&nbsp;sobre este tema o las Malvinas ser\u00e1 de ellos para siempre.<\/p>\n\n\n\n<p class=\"has-medium-font-size wp-block-paragraph\">Como con el Campeonato de Mandriles, as\u00ed no va.<\/p>\n\n\n\n<p class=\"has-medium-font-size wp-block-paragraph\"><strong>Fuente:<\/strong>\u00a0<strong>Columna de Alejandro Borensztein publicada originalmente en\u00a0<em>Clar\u00edn<\/em>\u00a0el 6 de setiembre<\/strong> <strong>de 2026. Reproducida en\u00a0<em>La Voz Disruptiva<\/em>\u00a0dentro de la secci\u00f3n \u201cHumor Disruptivo\u201d<\/strong><\/p>\n","protected":false},"excerpt":{"rendered":"<p>La tobillera de Cristina, los insultos de Milei y el tema Malvinas. Todo tiene que ver con todo. Antes que nada, un aporte al debate sobre c\u00f3mo controlar el movimiento de&nbsp;Cristina&nbsp;en San Jos\u00e9 1111. Al parecer, la tobillera marca el lugar donde est\u00e1 ubicado el tobillo y, por ende, el resto del cuerpo de la [&hellip;]<\/p>\n","protected":false},"author":3,"featured_media":10721,"comment_status":"closed","ping_status":"open","sticky":false,"template":"","format":"standard","meta":{"footnotes":""},"categories":[221,81,39],"tags":[75,291,40],"class_list":["post-10720","post","type-post","status-publish","format-standard","has-post-thumbnail","hentry","category-humor-disruptivo","category-nacional","category-politica","tag-futbol-2","tag-humor","tag-politica"],"blog_post_layout_featured_media_urls":{"thumbnail":["https:\/\/lavozdisruptiva.com\/wp-content\/uploads\/2026\/09\/Milei-150x150.jpg",150,150,true],"full":["https:\/\/lavozdisruptiva.com\/wp-content\/uploads\/2026\/09\/Milei.jpg",1256,620,false]},"categories_names":{"221":{"name":"Humor Disruptivo","link":"https:\/\/lavozdisruptiva.com\/index.php\/category\/humor-disruptivo\/"},"81":{"name":"Nacional","link":"https:\/\/lavozdisruptiva.com\/index.php\/category\/nacional\/"},"39":{"name":"Pol\u00edtica","link":"https:\/\/lavozdisruptiva.com\/index.php\/category\/politica\/"}},"tags_names":{"75":{"name":"Futbol","link":"https:\/\/lavozdisruptiva.com\/index.php\/tag\/futbol-2\/"},"291":{"name":"Humor","link":"https:\/\/lavozdisruptiva.com\/index.php\/tag\/humor\/"},"40":{"name":"Pol\u00edtica","link":"https:\/\/lavozdisruptiva.com\/index.php\/tag\/politica\/"}},"comments_number":"0","wpmagazine_modules_lite_featured_media_urls":{"thumbnail":["https:\/\/lavozdisruptiva.com\/wp-content\/uploads\/2026\/09\/Milei-150x150.jpg",150,150,true],"cvmm-medium":["https:\/\/lavozdisruptiva.com\/wp-content\/uploads\/2026\/09\/Milei-300x300.jpg",300,300,true],"cvmm-medium-plus":["https:\/\/lavozdisruptiva.com\/wp-content\/uploads\/2026\/09\/Milei-305x207.jpg",305,207,true],"cvmm-portrait":["https:\/\/lavozdisruptiva.com\/wp-content\/uploads\/2026\/09\/Milei-400x600.jpg",400,600,true],"cvmm-medium-square":["https:\/\/lavozdisruptiva.com\/wp-content\/uploads\/2026\/09\/Milei-600x600.jpg",600,600,true],"cvmm-large":["https:\/\/lavozdisruptiva.com\/wp-content\/uploads\/2026\/09\/Milei-1024x620.jpg",1024,620,true],"cvmm-small":["https:\/\/lavozdisruptiva.com\/wp-content\/uploads\/2026\/09\/Milei-130x95.jpg",130,95,true],"full":["https:\/\/lavozdisruptiva.com\/wp-content\/uploads\/2026\/09\/Milei.jpg",1256,620,false]},"_links":{"self":[{"href":"https:\/\/lavozdisruptiva.com\/index.php\/wp-json\/wp\/v2\/posts\/10720","targetHints":{"allow":["GET"]}}],"collection":[{"href":"https:\/\/lavozdisruptiva.com\/index.php\/wp-json\/wp\/v2\/posts"}],"about":[{"href":"https:\/\/lavozdisruptiva.com\/index.php\/wp-json\/wp\/v2\/types\/post"}],"author":[{"embeddable":true,"href":"https:\/\/lavozdisruptiva.com\/index.php\/wp-json\/wp\/v2\/users\/3"}],"replies":[{"embeddable":true,"href":"https:\/\/lavozdisruptiva.com\/index.php\/wp-json\/wp\/v2\/comments?post=10720"}],"version-history":[{"count":2,"href":"https:\/\/lavozdisruptiva.com\/index.php\/wp-json\/wp\/v2\/posts\/10720\/revisions"}],"predecessor-version":[{"id":10723,"href":"https:\/\/lavozdisruptiva.com\/index.php\/wp-json\/wp\/v2\/posts\/10720\/revisions\/10723"}],"wp:featuredmedia":[{"embeddable":true,"href":"https:\/\/lavozdisruptiva.com\/index.php\/wp-json\/wp\/v2\/media\/10721"}],"wp:attachment":[{"href":"https:\/\/lavozdisruptiva.com\/index.php\/wp-json\/wp\/v2\/media?parent=10720"}],"wp:term":[{"taxonomy":"category","embeddable":true,"href":"https:\/\/lavozdisruptiva.com\/index.php\/wp-json\/wp\/v2\/categories?post=10720"},{"taxonomy":"post_tag","embeddable":true,"href":"https:\/\/lavozdisruptiva.com\/index.php\/wp-json\/wp\/v2\/tags?post=10720"}],"curies":[{"name":"wp","href":"https:\/\/api.w.org\/{rel}","templated":true}]}}