{"id":10714,"date":"2026-09-04T09:34:55","date_gmt":"2026-09-04T12:34:55","guid":{"rendered":"https:\/\/lavozdisruptiva.com\/?p=10714"},"modified":"2026-09-04T09:34:56","modified_gmt":"2026-09-04T12:34:56","slug":"dia-de-la-industria-el-verdadero-debate-no-es-apertura-si-o-no-sino-como-competir","status":"publish","type":"post","link":"https:\/\/lavozdisruptiva.com\/index.php\/2026\/09\/04\/dia-de-la-industria-el-verdadero-debate-no-es-apertura-si-o-no-sino-como-competir\/","title":{"rendered":"D\u00eda de la Industria: el verdadero debate no es apertura s\u00ed o no, sino c\u00f3mo competir"},"content":{"rendered":"\n<p class=\"has-medium-font-size wp-block-paragraph\"><strong>El D\u00eda de la Industria dej\u00f3 fuertes cr\u00edticas al Gobierno por la ca\u00edda de la actividad y el empleo. Pero, detr\u00e1s de los discursos m\u00e1s duros, apareci\u00f3 una discusi\u00f3n probablemente m\u00e1s importante: si la Argentina decidi\u00f3 abrir su econom\u00eda, deber\u00e1 construir al mismo tiempo las condiciones para que sus empresas puedan competir. La UIA propuso siete ejes para atravesar ese \u201cpuente\u201d entre la econom\u00eda que dejamos atr\u00e1s y una econom\u00eda verdaderamente competitiva. Desde Misiones tambi\u00e9n llegaron advertencias y propuestas.<\/strong><\/p>\n\n\n\n<p class=\"has-medium-font-size wp-block-paragraph\">El D\u00eda de la Industria encontr\u00f3 este a\u00f1o a buena parte del sector manufacturero argentino atravesando un momento dif\u00edcil y, como era previsible, los discursos estuvieron cargados de reclamos hacia el Gobierno nacional.<\/p>\n\n\n\n<p class=\"has-medium-font-size wp-block-paragraph\">Algunos fueron particularmente duros.<\/p>\n\n\n\n<p class=\"has-medium-font-size wp-block-paragraph\">Guillermo Moretti, vicepresidente de la Uni\u00f3n Industrial Argentina (UIA), directamente acus\u00f3 al Gobierno de llevar adelante una pol\u00edtica de \u201c<strong><em>desindustrializaci\u00f3n<\/em><\/strong>\u201d y cuestion\u00f3 con t\u00e9rminos muy fuertes al equipo econ\u00f3mico. Tambi\u00e9n vincul\u00f3 el futuro industrial con la educaci\u00f3n t\u00e9cnica, las universidades, el CONICET y el INTI.<\/p>\n\n\n\n<p class=\"has-medium-font-size wp-block-paragraph\">Pero probablemente el discurso m\u00e1s interesante para intentar comprender la discusi\u00f3n que viene haya sido el del presidente de la UIA, Mart\u00edn Rappallini.<\/p>\n\n\n\n<p class=\"has-medium-font-size wp-block-paragraph\">Fue cr\u00edtico, pero bastante menos confrontativo. Y, sobre todo, procur\u00f3 transformar el diagn\u00f3stico en propuestas.<\/p>\n\n\n\n<p class=\"has-medium-font-size wp-block-paragraph\">Su planteo podr\u00eda resumirse en una idea: la estabilizaci\u00f3n de la econom\u00eda es indispensable, pero no alcanza.<\/p>\n\n\n\n<p class=\"has-medium-font-size wp-block-paragraph\"><strong>\u201c<em>La econom\u00eda no puede medirse solamente por la evoluci\u00f3n de la inflaci\u00f3n. Tenemos que mirar la actividad\u201d<\/em>.<\/strong><\/p>\n\n\n\n<p class=\"has-medium-font-size wp-block-paragraph\">La industria, seg\u00fan los n\u00fameros expuestos por la UIA, produce actualmente alrededor de un 10% menos que en 2022, algunos sectores acumulan ca\u00eddas de entre 25% y 30% y desde agosto de 2023 se perdieron aproximadamente 90.000 empleos asalariados registrados.<\/p>\n\n\n\n<h1 class=\"wp-block-heading\">Un puente entre dos econom\u00edas<\/h1>\n\n\n\n<figure class=\"wp-block-image size-large\"><img loading=\"lazy\" decoding=\"async\" width=\"1024\" height=\"133\" src=\"https:\/\/lavozdisruptiva.com\/wp-content\/uploads\/2026\/09\/Captura-de-pantalla-2026-09-04-a-las-09.11.18-1024x133.png\" alt=\"\" class=\"wp-image-10717\" srcset=\"https:\/\/lavozdisruptiva.com\/wp-content\/uploads\/2026\/09\/Captura-de-pantalla-2026-09-04-a-las-09.11.18-1024x133.png 1024w, https:\/\/lavozdisruptiva.com\/wp-content\/uploads\/2026\/09\/Captura-de-pantalla-2026-09-04-a-las-09.11.18-300x39.png 300w, https:\/\/lavozdisruptiva.com\/wp-content\/uploads\/2026\/09\/Captura-de-pantalla-2026-09-04-a-las-09.11.18-1536x199.png 1536w, https:\/\/lavozdisruptiva.com\/wp-content\/uploads\/2026\/09\/Captura-de-pantalla-2026-09-04-a-las-09.11.18-762x99.png 762w, https:\/\/lavozdisruptiva.com\/wp-content\/uploads\/2026\/09\/Captura-de-pantalla-2026-09-04-a-las-09.11.18.png 2002w\" sizes=\"auto, (max-width: 1024px) 100vw, 1024px\" \/><\/figure>\n\n\n\n<p class=\"has-medium-font-size wp-block-paragraph\">Rappallini utiliz\u00f3 una imagen interesante: Argentina necesita construir \u201cun puente\u201d entre la econom\u00eda que est\u00e1 dejando atr\u00e1s y una econom\u00eda competitiva.<\/p>\n\n\n\n<p class=\"has-medium-font-size wp-block-paragraph\">No propuso cerrar nuevamente la econom\u00eda. Tampoco cuestion\u00f3 la necesidad de competir internacionalmente.<\/p>\n\n\n\n<p class=\"has-medium-font-size wp-block-paragraph\">Por el contrario, afirm\u00f3 que \u201c<strong><em>la industria compite con el mundo<\/em><\/strong>\u201d y organiz\u00f3 ese puente alrededor de siete cuestiones concretas: actividad y cr\u00e9dito; competitividad y costo argentino; competencia desleal; energ\u00eda; morosidad; infraestructura; y modernizaci\u00f3n laboral y litigiosidad.<\/p>\n\n\n\n<p class=\"has-medium-font-size wp-block-paragraph\">Vale la pena repasarlas porque seguramente formar\u00e1n parte de la discusi\u00f3n econ\u00f3mica y pol\u00edtica de este a\u00f1o electoral.<\/p>\n\n\n\n<h2 class=\"wp-block-heading\">1. Recuperar actividad y cr\u00e9dito<\/h2>\n\n\n\n<p class=\"has-medium-font-size wp-block-paragraph\">La primera preocupaci\u00f3n es evitar que durante el proceso de estabilizaci\u00f3n desaparezcan empresas y capacidades productivas que despu\u00e9s resultar\u00e1 muy dif\u00edcil reconstruir.<\/p>\n\n\n\n<p class=\"has-medium-font-size wp-block-paragraph\">Para eso la UIA reclama recuperar el cr\u00e9dito destinado al capital de trabajo, la inversi\u00f3n, la vivienda y el consumo.<\/p>\n\n\n\n<p class=\"has-medium-font-size wp-block-paragraph\">La idea es sencilla: que el ahorro vuelva a transformarse en inversi\u00f3n y que la estabilidad macroecon\u00f3mica finalmente pueda convertirse en crecimiento, producci\u00f3n y empleo.<\/p>\n\n\n\n<h2 class=\"wp-block-heading\">2. Bajar el \u201ccosto argentino\u201d<\/h2>\n\n\n\n<p class=\"has-medium-font-size wp-block-paragraph\">Probablemente aqu\u00ed est\u00e9 el coraz\u00f3n de la discusi\u00f3n.<\/p>\n\n\n\n<p class=\"has-medium-font-size wp-block-paragraph\">Una empresa argentina abierta a la competencia internacional no compite solamente con otra empresa. Compite contra todo el sistema econ\u00f3mico del pa\u00eds donde esa otra empresa produce.<\/p>\n\n\n\n<p class=\"has-medium-font-size wp-block-paragraph\">Impuestos, regulaciones, costos financieros, log\u00edstica, infraestructura, energ\u00eda y estabilidad de las reglas terminan incorpor\u00e1ndose al precio del producto.<\/p>\n\n\n\n<p class=\"has-medium-font-size wp-block-paragraph\">Rappallini lo sintetiz\u00f3 de una manera particularmente clara: \u201c<strong><em>Ya no compiten solamente las empresas: compiten los sistemas productivos de los pa\u00edses<\/em><\/strong>\u201d.<\/p>\n\n\n\n<p class=\"has-medium-font-size wp-block-paragraph\">La UIA propone por eso un Pacto Fiscal Industrial Federal que comprometa a Naci\u00f3n, provincias y municipios a reducir gradualmente impuestos acumulativos como Ingresos Brutos, Sellos, tasas municipales y otros grav\u00e1menes que terminan formando parte del costo de producci\u00f3n.<\/p>\n\n\n\n<p class=\"has-medium-font-size wp-block-paragraph\">Es un planteo que merece especial atenci\u00f3n desde Misiones. Porque si las empresas deben competir internacionalmente, la competitividad deja de ser exclusivamente responsabilidad del empresario y pasa a ser tambi\u00e9n responsabilidad del sistema dentro del cual produce.<\/p>\n\n\n\n<h2 class=\"wp-block-heading\">3. Apertura s\u00ed, competencia desleal no<\/h2>\n\n\n\n<p class=\"has-medium-font-size wp-block-paragraph\">Otro punto interesante es la diferenciaci\u00f3n que hace la UIA entre apertura econ\u00f3mica y competencia desleal.<\/p>\n\n\n\n<p class=\"has-medium-font-size wp-block-paragraph\">Una econom\u00eda abierta supone competir. Pero dumping, subsidios extranjeros, contrabando, subfacturaci\u00f3n, informalidad o mercader\u00edas importadas sometidas a exigencias diferentes de las que debe cumplir la producci\u00f3n nacional constituyen otra cosa.<\/p>\n\n\n\n<p class=\"has-medium-font-size wp-block-paragraph\">Para Rappallini, all\u00ed el Estado no debe retirarse sino hacer cumplir reglas iguales para todos.<\/p>\n\n\n\n<h2 class=\"wp-block-heading\">4. Convertir la energ\u00eda en una ventaja competitiva<\/h2>\n\n\n\n<p class=\"has-medium-font-size wp-block-paragraph\">Argentina posee enormes recursos energ\u00e9ticos.<\/p>\n\n\n\n<p class=\"has-medium-font-size wp-block-paragraph\">La pregunta industrial es si esa abundancia servir\u00e1 solamente para exportar petr\u00f3leo y gas o tambi\u00e9n permitir\u00e1 producir bienes argentinos competitivos.<\/p>\n\n\n\n<p class=\"has-medium-font-size wp-block-paragraph\">La UIA plantea garantizar abastecimiento, infraestructura y energ\u00eda a precios competitivos en todo el territorio nacional.<\/p>\n\n\n\n<p class=\"has-medium-font-size wp-block-paragraph\">En otras palabras: Vaca Muerta podr\u00eda ser no solamente una fuente de d\u00f3lares sino una ventaja para producir desde la Argentina hacia el mundo.<\/p>\n\n\n\n<h2 class=\"wp-block-heading\">5. Resolver la morosidad sin destruir empresas<\/h2>\n\n\n\n<p class=\"has-medium-font-size wp-block-paragraph\">Las altas tasas de inter\u00e9s y la ca\u00edda de actividad dejaron numerosas empresas \u2014especialmente pymes\u2014 endeudadas con bancos y organismos fiscales.<\/p>\n\n\n\n<p class=\"has-medium-font-size wp-block-paragraph\">La UIA propone mecanismos para refinanciar esas obligaciones, suspender excepcionalmente embargos en determinados casos y acelerar la devoluci\u00f3n de saldos fiscales a favor.<\/p>\n\n\n\n<p class=\"has-medium-font-size wp-block-paragraph\">No como subsidio permanente, sino como mecanismo para evitar que problemas transitorios de liquidez terminen convirti\u00e9ndose en cierres definitivos.<\/p>\n\n\n\n<h2 class=\"wp-block-heading\">6. Infraestructura tambi\u00e9n es competitividad<\/h2>\n\n\n\n<p class=\"has-medium-font-size wp-block-paragraph\">Rutas deterioradas, puertos lentos, una red ferroviaria insuficiente, falta de redes el\u00e9ctricas y gasoductos, mala conectividad y pasos fronterizos ineficientes tambi\u00e9n forman parte del precio final de cualquier producto.<\/p>\n\n\n\n<p class=\"has-medium-font-size wp-block-paragraph\">La UIA propone acelerar inversiones mediante concesiones, licitaciones y asociaciones p\u00fablico-privadas, pero tambi\u00e9n admite inversi\u00f3n p\u00fablica all\u00ed donde el sector privado no pueda realizar por s\u00ed mismo las obras necesarias.<\/p>\n\n\n\n<p class=\"has-medium-font-size wp-block-paragraph\">Nuevamente, es un punto especialmente sensible para provincias alejadas de los grandes centros de consumo y de los puertos, como Misiones.<\/p>\n\n\n\n<h2 class=\"wp-block-heading\">7. Modernizar las relaciones laborales<\/h2>\n\n\n\n<p class=\"has-medium-font-size wp-block-paragraph\">El \u00faltimo eje es laboral. La UIA considera que las reformas recientes abren una oportunidad, pero sostiene que ahora deben trasladarse efectivamente a las empresas.<\/p>\n\n\n\n<p class=\"has-medium-font-size wp-block-paragraph\">Eso supone modernizar convenios colectivos dise\u00f1ados hace d\u00e9cadas y reducir la litigiosidad laboral, buscando mayor previsibilidad para contratar trabajadores e invertir.<\/p>\n\n\n\n<h1 class=\"wp-block-heading\">Una diferencia importante<\/h1>\n\n\n\n<p class=\"has-medium-font-size wp-block-paragraph\">Quiz\u00e1s lo m\u00e1s significativo del planteo de Rappallini sea aquello que no pidi\u00f3. No reclam\u00f3 simplemente volver atr\u00e1s.<\/p>\n\n\n\n<p class=\"has-medium-font-size wp-block-paragraph\">Defendi\u00f3 la necesidad de competir, <strong>valor\u00f3 instrumentos como el RIGI y el S\u00faper RIGI<\/strong> y sostuvo que &#8220;<strong><em>no corresponde al Estado decidir cu\u00e1les sectores econ\u00f3micos tienen futuro y cu\u00e1les no<\/em><\/strong>&#8220;. Su reclamo fue que las condiciones de competitividad reconocidas para las grandes inversiones tambi\u00e9n alcancen al resto del entramado productivo.<\/p>\n\n\n\n<p class=\"has-medium-font-size wp-block-paragraph\">Ah\u00ed aparece una discusi\u00f3n bastante m\u00e1s profunda que la tradicional confrontaci\u00f3n entre \u201ci<strong>ndustria nacional\u201d y \u201capertura<em>\u201d<\/em><\/strong>.<\/p>\n\n\n\n<p class=\"has-medium-font-size wp-block-paragraph\"><strong>\u00bfEstamos dispuestos a abrir la econom\u00eda y, al mismo tiempo, eliminar los costos internos que durante d\u00e9cadas hicieron necesario protegerla?<\/strong><\/p>\n\n\n\n<p class=\"has-medium-font-size wp-block-paragraph\">Porque abrir sin transformar esos costos puede destruir empresas. Pero mantener indefinidamente una econom\u00eda cerrada para compensarlos tampoco parece una soluci\u00f3n.<\/p>\n\n\n\n<h1 class=\"wp-block-heading\">La mirada desde Misiones<\/h1>\n\n\n\n<p class=\"has-medium-font-size wp-block-paragraph\">El presidente del <strong>Movimiento Industrial Misionero (MIM)<\/strong>, Gerardo Grippo, tambi\u00e9n describi\u00f3 una situaci\u00f3n dif\u00edcil, pero hizo una observaci\u00f3n interesante: sostuvo que es necesario \u201c<strong><em>salir del diagn\u00f3stico y empezar a formular una propuesta<\/em><\/strong>\u201d.<\/p>\n\n\n\n<p class=\"has-medium-font-size wp-block-paragraph\">Reclam\u00f3 una producci\u00f3n capaz de incorporar ciencia, tecnolog\u00eda, inversi\u00f3n y capacidades propias, y aclar\u00f3 expresamente que el sector no est\u00e1 en contra de la inversi\u00f3n sino que pretende inversiones productivas que generen empleo y mejores condiciones de vida.<\/p>\n\n\n\n<p class=\"has-medium-font-size wp-block-paragraph\">Grippo cuestion\u00f3 adem\u00e1s lo que considera una disparidad entre los beneficios otorgados a grandes inversiones mediante el RIGI y las condiciones que enfrenta la industria existente, y expres\u00f3 preocupaci\u00f3n por el impacto de la apertura importadora sobre sectores como textiles, neum\u00e1ticos y construcci\u00f3n.<\/p>\n\n\n\n<p class=\"has-medium-font-size wp-block-paragraph\">Hay diferencias importantes entre esa mirada y algunas de las pol\u00edticas que impulsa el Gobierno nacional. Pero tambi\u00e9n existe un punto de encuentro que vale la pena observar: <strong>ya no alcanza con discutir protecci\u00f3n o apertura. Hay que discutir competitividad.<\/strong><\/p>\n\n\n\n<h1 class=\"wp-block-heading\">Una discusi\u00f3n que reci\u00e9n comienza<\/h1>\n\n\n\n<p class=\"has-medium-font-size wp-block-paragraph\">El D\u00eda de la Industria dej\u00f3 cifras preocupantes, discursos duros y una evidente tensi\u00f3n entre empresarios industriales y el Gobierno.<\/p>\n\n\n\n<p class=\"has-medium-font-size wp-block-paragraph\">Pero tambi\u00e9n dej\u00f3 algo posiblemente m\u00e1s \u00fatil. Una agenda. Cr\u00e9dito. Impuestos. Regulaciones. Energ\u00eda. Infraestructura. Competencia leal. Relaciones laborales.<\/p>\n\n\n\n<p class=\"has-medium-font-size wp-block-paragraph\">Son temas que exceden largamente a la industria y probablemente atraviesen buena parte de la discusi\u00f3n econ\u00f3mica del a\u00f1o electoral.<\/p>\n\n\n\n<p class=\"has-medium-font-size wp-block-paragraph\">Argentina comenz\u00f3 a abrir una econom\u00eda que permaneci\u00f3 durante d\u00e9cadas protegida por aranceles, regulaciones y restricciones. Si ese camino contin\u00faa, inevitablemente aparecer\u00e1 una segunda etapa de la discusi\u00f3n: qu\u00e9 debe cambiar dentro de la Argentina para poder competir con aquello que dejamos entrar desde afuera.<\/p>\n\n\n\n<p class=\"has-medium-font-size wp-block-paragraph\">Tal vez all\u00ed est\u00e9 el verdadero \u201cpuente\u201d del que habl\u00f3 la UIA. No necesariamente regresar a la econom\u00eda que dejamos atr\u00e1s. Tampoco suponer que abrir las fronteras alcanza por s\u00ed solo para construir la que viene.<\/p>\n\n\n\n<p class=\"has-medium-font-size wp-block-paragraph\"><strong>La competencia internacional puede obligarnos finalmente a discutir algo mucho m\u00e1s inc\u00f3modo: cu\u00e1nto del llamado \u201ccosto argentino\u201d depende realmente de las empresas y cu\u00e1nto depende del pa\u00eds que construimos alrededor de ellas.<\/strong><\/p>\n\n\n\n<p class=\"has-medium-font-size wp-block-paragraph\"><strong>Fuentes:<\/strong> Elaboraci\u00f3n de LVD sobre informaci\u00f3n publicada por Infobae y El Territorio, 2 de septiembre de 2026.<\/p>\n","protected":false},"excerpt":{"rendered":"<p>El D\u00eda de la Industria dej\u00f3 fuertes cr\u00edticas al Gobierno por la ca\u00edda de la actividad y el empleo. Pero, detr\u00e1s de los discursos m\u00e1s duros, apareci\u00f3 una discusi\u00f3n probablemente m\u00e1s importante: si la Argentina decidi\u00f3 abrir su econom\u00eda, deber\u00e1 construir al mismo tiempo las condiciones para que sus empresas puedan competir. La UIA propuso [&hellip;]<\/p>\n","protected":false},"author":3,"featured_media":10719,"comment_status":"closed","ping_status":"open","sticky":false,"template":"","format":"standard","meta":{"footnotes":""},"categories":[4,81,39,62],"tags":[1865,1866,1726,1867,388],"class_list":["post-10714","post","type-post","status-publish","format-standard","has-post-thumbnail","hentry","category-economia","category-nacional","category-politica","category-regional","tag-dia-de-la-industria","tag-guillermo-moretti","tag-martin-rappallini","tag-mim","tag-uia"],"blog_post_layout_featured_media_urls":{"thumbnail":["https:\/\/lavozdisruptiva.com\/wp-content\/uploads\/2026\/09\/Madera-150x150.avif",150,150,true],"full":["https:\/\/lavozdisruptiva.com\/wp-content\/uploads\/2026\/09\/Madera.avif",1200,800,false]},"categories_names":{"4":{"name":"Econom\u00eda","link":"https:\/\/lavozdisruptiva.com\/index.php\/category\/economia\/"},"81":{"name":"Nacional","link":"https:\/\/lavozdisruptiva.com\/index.php\/category\/nacional\/"},"39":{"name":"Pol\u00edtica","link":"https:\/\/lavozdisruptiva.com\/index.php\/category\/politica\/"},"62":{"name":"Regional","link":"https:\/\/lavozdisruptiva.com\/index.php\/category\/regional\/"}},"tags_names":{"1865":{"name":"Dia de la Industria","link":"https:\/\/lavozdisruptiva.com\/index.php\/tag\/dia-de-la-industria\/"},"1866":{"name":"Guillermo Moretti","link":"https:\/\/lavozdisruptiva.com\/index.php\/tag\/guillermo-moretti\/"},"1726":{"name":"Mart\u00edn Rappallini","link":"https:\/\/lavozdisruptiva.com\/index.php\/tag\/martin-rappallini\/"},"1867":{"name":"MIM","link":"https:\/\/lavozdisruptiva.com\/index.php\/tag\/mim\/"},"388":{"name":"UIA","link":"https:\/\/lavozdisruptiva.com\/index.php\/tag\/uia\/"}},"comments_number":"0","wpmagazine_modules_lite_featured_media_urls":{"thumbnail":["https:\/\/lavozdisruptiva.com\/wp-content\/uploads\/2026\/09\/Madera-150x150.avif",150,150,true],"cvmm-medium":["https:\/\/lavozdisruptiva.com\/wp-content\/uploads\/2026\/09\/Madera-300x300.avif",300,300,true],"cvmm-medium-plus":["https:\/\/lavozdisruptiva.com\/wp-content\/uploads\/2026\/09\/Madera-305x207.avif",305,207,true],"cvmm-portrait":["https:\/\/lavozdisruptiva.com\/wp-content\/uploads\/2026\/09\/Madera-400x600.avif",400,600,true],"cvmm-medium-square":["https:\/\/lavozdisruptiva.com\/wp-content\/uploads\/2026\/09\/Madera-600x600.avif",600,600,true],"cvmm-large":["https:\/\/lavozdisruptiva.com\/wp-content\/uploads\/2026\/09\/Madera-1024x800.avif",1024,800,true],"cvmm-small":["https:\/\/lavozdisruptiva.com\/wp-content\/uploads\/2026\/09\/Madera-130x95.avif",130,95,true],"full":["https:\/\/lavozdisruptiva.com\/wp-content\/uploads\/2026\/09\/Madera.avif",1200,800,false]},"_links":{"self":[{"href":"https:\/\/lavozdisruptiva.com\/index.php\/wp-json\/wp\/v2\/posts\/10714","targetHints":{"allow":["GET"]}}],"collection":[{"href":"https:\/\/lavozdisruptiva.com\/index.php\/wp-json\/wp\/v2\/posts"}],"about":[{"href":"https:\/\/lavozdisruptiva.com\/index.php\/wp-json\/wp\/v2\/types\/post"}],"author":[{"embeddable":true,"href":"https:\/\/lavozdisruptiva.com\/index.php\/wp-json\/wp\/v2\/users\/3"}],"replies":[{"embeddable":true,"href":"https:\/\/lavozdisruptiva.com\/index.php\/wp-json\/wp\/v2\/comments?post=10714"}],"version-history":[{"count":2,"href":"https:\/\/lavozdisruptiva.com\/index.php\/wp-json\/wp\/v2\/posts\/10714\/revisions"}],"predecessor-version":[{"id":10718,"href":"https:\/\/lavozdisruptiva.com\/index.php\/wp-json\/wp\/v2\/posts\/10714\/revisions\/10718"}],"wp:featuredmedia":[{"embeddable":true,"href":"https:\/\/lavozdisruptiva.com\/index.php\/wp-json\/wp\/v2\/media\/10719"}],"wp:attachment":[{"href":"https:\/\/lavozdisruptiva.com\/index.php\/wp-json\/wp\/v2\/media?parent=10714"}],"wp:term":[{"taxonomy":"category","embeddable":true,"href":"https:\/\/lavozdisruptiva.com\/index.php\/wp-json\/wp\/v2\/categories?post=10714"},{"taxonomy":"post_tag","embeddable":true,"href":"https:\/\/lavozdisruptiva.com\/index.php\/wp-json\/wp\/v2\/tags?post=10714"}],"curies":[{"name":"wp","href":"https:\/\/api.w.org\/{rel}","templated":true}]}}